{"id":49390,"date":"2025-11-11T10:23:11","date_gmt":"2025-11-11T13:23:11","guid":{"rendered":"http:\/\/masquenoticiastucuman.com.ar\/?p=49390"},"modified":"2025-11-11T10:23:11","modified_gmt":"2025-11-11T13:23:11","slug":"vayan-a-dar-la-cara-revelan-el-reto-de-gallardo-a-los-jugadores-de-river-tras-la-contundente-derrota-en-el-superclasico","status":"publish","type":"post","link":"https:\/\/masquenoticiastucuman.com.ar\/?p=49390","title":{"rendered":"&#8220;Vayan a dar la cara&#8221;: revelan el reto de Gallardo a los jugadores de River tras la contundente derrota en el Supercl\u00e1sico"},"content":{"rendered":"<ul>\n<li>Seg\u00fan filtraron, el DT se cans\u00f3 de enfrentar los micr\u00f3fonos y mand\u00f3 a los referentes a dar explicaciones.<\/li>\n<li>Tras la ca\u00edda con Boca, River atraviesa una semana cr\u00edtica y podr\u00eda quedar afuera de todo. <\/li>\n<\/ul>\n<p>\u200bSeg\u00fan filtraron, el DT se cans\u00f3 de enfrentar los micr\u00f3fonos y mand\u00f3 a los referentes a dar explicaciones.Tras la ca\u00edda con Boca, River atraviesa una semana cr\u00edtica y podr\u00eda quedar afuera de todo.\u00a0<a href=\"https:\/\/www.clarin.com\/deportes\/vayan-dar-cara-revelan-reto-gallardo-jugadores-river-contundente-derrota-superclasico_0_MaMIv9HQ13.html\" target=\"_blank\" class=\"feedzy-rss-link-icon\">Read More<\/a><\/p>","protected":false},"excerpt":{"rendered":"<p>Seg\u00fan filtraron, el DT se cans\u00f3 de enfrentar los micr\u00f3fonos y mand\u00f3 a los referentes&#8230;<\/p>\n","protected":false},"author":1,"featured_media":0,"comment_status":"open","ping_status":"open","sticky":false,"template":"","format":"standard","meta":{"footnotes":""},"categories":[6],"tags":[],"class_list":["post-49390","post","type-post","status-publish","format-standard","has-post-thumbnail","hentry","category-deportes"],"_links":{"self":[{"href":"https:\/\/masquenoticiastucuman.com.ar\/index.php?rest_route=\/wp\/v2\/posts\/49390","targetHints":{"allow":["GET"]}}],"collection":[{"href":"https:\/\/masquenoticiastucuman.com.ar\/index.php?rest_route=\/wp\/v2\/posts"}],"about":[{"href":"https:\/\/masquenoticiastucuman.com.ar\/index.php?rest_route=\/wp\/v2\/types\/post"}],"author":[{"embeddable":true,"href":"https:\/\/masquenoticiastucuman.com.ar\/index.php?rest_route=\/wp\/v2\/users\/1"}],"replies":[{"embeddable":true,"href":"https:\/\/masquenoticiastucuman.com.ar\/index.php?rest_route=%2Fwp%2Fv2%2Fcomments&post=49390"}],"version-history":[{"count":0,"href":"https:\/\/masquenoticiastucuman.com.ar\/index.php?rest_route=\/wp\/v2\/posts\/49390\/revisions"}],"wp:attachment":[{"href":"https:\/\/masquenoticiastucuman.com.ar\/index.php?rest_route=%2Fwp%2Fv2%2Fmedia&parent=49390"}],"wp:term":[{"taxonomy":"category","embeddable":true,"href":"https:\/\/masquenoticiastucuman.com.ar\/index.php?rest_route=%2Fwp%2Fv2%2Fcategories&post=49390"},{"taxonomy":"post_tag","embeddable":true,"href":"https:\/\/masquenoticiastucuman.com.ar\/index.php?rest_route=%2Fwp%2Fv2%2Ftags&post=49390"}],"curies":[{"name":"wp","href":"https:\/\/api.w.org\/{rel}","templated":true}]}}