{"id":49391,"date":"2025-11-11T11:56:48","date_gmt":"2025-11-11T14:56:48","guid":{"rendered":"http:\/\/masquenoticiastucuman.com.ar\/?p=49391"},"modified":"2025-11-11T11:56:48","modified_gmt":"2025-11-11T14:56:48","slug":"vicepresidente-del-central-no-queremos-depender-del-financiamiento-externo","status":"publish","type":"post","link":"https:\/\/masquenoticiastucuman.com.ar\/?p=49391","title":{"rendered":"Vicepresidente del Central: &#8220;No queremos depender del financiamiento externo&#8221;"},"content":{"rendered":"<ul>\n<li>Vladimir Werning dio pistas sobre los pr\u00f3ximos pasos del programa econ\u00f3mico.<\/li>\n<li>Dijo que se ir\u00e1n levantando las restricciones que quedan sobre el d\u00f3lar.<\/li>\n<\/ul>\n<p>\u200bVladimir Werning dio pistas sobre los pr\u00f3ximos pasos del programa econ\u00f3mico.Dijo que se ir\u00e1n levantando las restricciones que quedan sobre el d\u00f3lar.\u00a0<a href=\"https:\/\/www.clarin.com\/economia\/vicepresidente-central-queremos-depender-financiamiento-externo_0_BRsuzChVy4.html\" target=\"_blank\" class=\"feedzy-rss-link-icon\">Read More<\/a><\/p>","protected":false},"excerpt":{"rendered":"<p>Vladimir Werning dio pistas sobre los pr\u00f3ximos pasos del programa econ\u00f3mico. Dijo que se ir\u00e1n&#8230;<\/p>\n","protected":false},"author":1,"featured_media":0,"comment_status":"open","ping_status":"open","sticky":false,"template":"","format":"standard","meta":{"footnotes":""},"categories":[3],"tags":[],"class_list":["post-49391","post","type-post","status-publish","format-standard","has-post-thumbnail","hentry","category-nacionales"],"_links":{"self":[{"href":"https:\/\/masquenoticiastucuman.com.ar\/index.php?rest_route=\/wp\/v2\/posts\/49391","targetHints":{"allow":["GET"]}}],"collection":[{"href":"https:\/\/masquenoticiastucuman.com.ar\/index.php?rest_route=\/wp\/v2\/posts"}],"about":[{"href":"https:\/\/masquenoticiastucuman.com.ar\/index.php?rest_route=\/wp\/v2\/types\/post"}],"author":[{"embeddable":true,"href":"https:\/\/masquenoticiastucuman.com.ar\/index.php?rest_route=\/wp\/v2\/users\/1"}],"replies":[{"embeddable":true,"href":"https:\/\/masquenoticiastucuman.com.ar\/index.php?rest_route=%2Fwp%2Fv2%2Fcomments&post=49391"}],"version-history":[{"count":0,"href":"https:\/\/masquenoticiastucuman.com.ar\/index.php?rest_route=\/wp\/v2\/posts\/49391\/revisions"}],"wp:attachment":[{"href":"https:\/\/masquenoticiastucuman.com.ar\/index.php?rest_route=%2Fwp%2Fv2%2Fmedia&parent=49391"}],"wp:term":[{"taxonomy":"category","embeddable":true,"href":"https:\/\/masquenoticiastucuman.com.ar\/index.php?rest_route=%2Fwp%2Fv2%2Fcategories&post=49391"},{"taxonomy":"post_tag","embeddable":true,"href":"https:\/\/masquenoticiastucuman.com.ar\/index.php?rest_route=%2Fwp%2Fv2%2Ftags&post=49391"}],"curies":[{"name":"wp","href":"https:\/\/api.w.org\/{rel}","templated":true}]}}