{"id":49392,"date":"2025-11-11T11:46:09","date_gmt":"2025-11-11T14:46:09","guid":{"rendered":"http:\/\/masquenoticiastucuman.com.ar\/?p=49392"},"modified":"2025-11-11T11:46:09","modified_gmt":"2025-11-11T14:46:09","slug":"misa-con-una-colchoneta-inflable-y-canciones-de-ed-sheeran-leon-xiv-convoca-a-todos-los-cardenales-y-busca-poner-limites-a-los-curas-creativos","status":"publish","type":"post","link":"https:\/\/masquenoticiastucuman.com.ar\/?p=49392","title":{"rendered":"Misa con una colchoneta inflable y canciones de Ed Sheeran: Le\u00f3n XIV convoca a todos los cardenales y busca poner l\u00edmites a los curas &#8220;creativos&#8221;"},"content":{"rendered":"<ul>\n<li>Con el Jubileo llegando a su fin, el Papa convoc\u00f3 su primer consistorio para el 7 de enero, en la segunda fase de su papado.<\/li>\n<li>Quiere escuchar an\u00e1lisis y s\u00edntesis de los problemas m\u00e1s importantes y poner fin a la actividad de los sacerdotes que a veces se pasan de la raya.<\/li>\n<\/ul>\n<p>\u200bCon el Jubileo llegando a su fin, el Papa convoc\u00f3 su primer consistorio para el 7 de enero, en la segunda fase de su papado.Quiere escuchar an\u00e1lisis y s\u00edntesis de los problemas m\u00e1s importantes y poner fin a la actividad de los sacerdotes que a veces se pasan de la raya.\u00a0<a href=\"https:\/\/www.clarin.com\/mundo\/misa-colchoneta-inflable-canciones-ed-sheeran-leon-xiv-convoca-cardenales-busca-poner-limites-curas-creativos_0_GKugKNVB7l.html\" target=\"_blank\" class=\"feedzy-rss-link-icon\">Read More<\/a><\/p>","protected":false},"excerpt":{"rendered":"<p>Con el Jubileo llegando a su fin, el Papa convoc\u00f3 su primer consistorio para el&#8230;<\/p>\n","protected":false},"author":1,"featured_media":49393,"comment_status":"open","ping_status":"open","sticky":false,"template":"","format":"standard","meta":{"footnotes":""},"categories":[4],"tags":[],"class_list":["post-49392","post","type-post","status-publish","format-standard","has-post-thumbnail","hentry","category-internacionales"],"_links":{"self":[{"href":"https:\/\/masquenoticiastucuman.com.ar\/index.php?rest_route=\/wp\/v2\/posts\/49392","targetHints":{"allow":["GET"]}}],"collection":[{"href":"https:\/\/masquenoticiastucuman.com.ar\/index.php?rest_route=\/wp\/v2\/posts"}],"about":[{"href":"https:\/\/masquenoticiastucuman.com.ar\/index.php?rest_route=\/wp\/v2\/types\/post"}],"author":[{"embeddable":true,"href":"https:\/\/masquenoticiastucuman.com.ar\/index.php?rest_route=\/wp\/v2\/users\/1"}],"replies":[{"embeddable":true,"href":"https:\/\/masquenoticiastucuman.com.ar\/index.php?rest_route=%2Fwp%2Fv2%2Fcomments&post=49392"}],"version-history":[{"count":0,"href":"https:\/\/masquenoticiastucuman.com.ar\/index.php?rest_route=\/wp\/v2\/posts\/49392\/revisions"}],"wp:featuredmedia":[{"embeddable":true,"href":"https:\/\/masquenoticiastucuman.com.ar\/index.php?rest_route=\/wp\/v2\/media\/49393"}],"wp:attachment":[{"href":"https:\/\/masquenoticiastucuman.com.ar\/index.php?rest_route=%2Fwp%2Fv2%2Fmedia&parent=49392"}],"wp:term":[{"taxonomy":"category","embeddable":true,"href":"https:\/\/masquenoticiastucuman.com.ar\/index.php?rest_route=%2Fwp%2Fv2%2Fcategories&post=49392"},{"taxonomy":"post_tag","embeddable":true,"href":"https:\/\/masquenoticiastucuman.com.ar\/index.php?rest_route=%2Fwp%2Fv2%2Ftags&post=49392"}],"curies":[{"name":"wp","href":"https:\/\/api.w.org\/{rel}","templated":true}]}}