{"id":49394,"date":"2025-11-11T12:08:41","date_gmt":"2025-11-11T15:08:41","guid":{"rendered":"http:\/\/masquenoticiastucuman.com.ar\/?p=49394"},"modified":"2025-11-11T12:08:41","modified_gmt":"2025-11-11T15:08:41","slug":"el-lado-b-de-franco-colapinto-la-culpa-por-haberse-alejado-de-su-hermana-y-los-dias-mas-duros-antes-de-la-formula-1","status":"publish","type":"post","link":"https:\/\/masquenoticiastucuman.com.ar\/?p=49394","title":{"rendered":"El lado B de Franco Colapinto: la culpa por haberse alejado de su hermana y los d\u00edas m\u00e1s duros antes de la F\u00f3rmula 1"},"content":{"rendered":"<ul>\n<li>El pilarense brind\u00f3 una entrevista para Telefe, previo a la carrera del domingo en S\u00e3o Paulo, en el GP de Brasil.<\/li>\n<li>A coraz\u00f3n abierto, el piloto de 22 a\u00f1os hizo un repaso de su carrera y revel\u00f3 las dificultades que tuvo que afrontar para llegar a la F1.<\/li>\n<li>El apoyo de su familia y la relaci\u00f3n con su hermana menor, Martina.<\/li>\n<\/ul>\n<p>\u200bEl pilarense brind\u00f3 una entrevista para Telefe, previo a la carrera del domingo en S\u00e3o Paulo, en el GP de Brasil.A coraz\u00f3n abierto, el piloto de 22 a\u00f1os hizo un repaso de su carrera y revel\u00f3 las dificultades que tuvo que afrontar para llegar a la F1.El apoyo de su familia y la relaci\u00f3n con su hermana menor, Martina.\u00a0<a href=\"https:\/\/www.clarin.com\/deportes\/lado-b-franco-colapinto-culpa-haberse-alejado-hermana-dias-duros-formula-1_0_b1O3ZO17vn.html\" target=\"_blank\" class=\"feedzy-rss-link-icon\">Read More<\/a><\/p>","protected":false},"excerpt":{"rendered":"<p>El pilarense brind\u00f3 una entrevista para Telefe, previo a la carrera del domingo en S\u00e3o&#8230;<\/p>\n","protected":false},"author":1,"featured_media":0,"comment_status":"open","ping_status":"open","sticky":false,"template":"","format":"standard","meta":{"footnotes":""},"categories":[6],"tags":[],"class_list":["post-49394","post","type-post","status-publish","format-standard","has-post-thumbnail","hentry","category-deportes"],"_links":{"self":[{"href":"https:\/\/masquenoticiastucuman.com.ar\/index.php?rest_route=\/wp\/v2\/posts\/49394","targetHints":{"allow":["GET"]}}],"collection":[{"href":"https:\/\/masquenoticiastucuman.com.ar\/index.php?rest_route=\/wp\/v2\/posts"}],"about":[{"href":"https:\/\/masquenoticiastucuman.com.ar\/index.php?rest_route=\/wp\/v2\/types\/post"}],"author":[{"embeddable":true,"href":"https:\/\/masquenoticiastucuman.com.ar\/index.php?rest_route=\/wp\/v2\/users\/1"}],"replies":[{"embeddable":true,"href":"https:\/\/masquenoticiastucuman.com.ar\/index.php?rest_route=%2Fwp%2Fv2%2Fcomments&post=49394"}],"version-history":[{"count":0,"href":"https:\/\/masquenoticiastucuman.com.ar\/index.php?rest_route=\/wp\/v2\/posts\/49394\/revisions"}],"wp:attachment":[{"href":"https:\/\/masquenoticiastucuman.com.ar\/index.php?rest_route=%2Fwp%2Fv2%2Fmedia&parent=49394"}],"wp:term":[{"taxonomy":"category","embeddable":true,"href":"https:\/\/masquenoticiastucuman.com.ar\/index.php?rest_route=%2Fwp%2Fv2%2Fcategories&post=49394"},{"taxonomy":"post_tag","embeddable":true,"href":"https:\/\/masquenoticiastucuman.com.ar\/index.php?rest_route=%2Fwp%2Fv2%2Ftags&post=49394"}],"curies":[{"name":"wp","href":"https:\/\/api.w.org\/{rel}","templated":true}]}}