{"id":49396,"date":"2025-11-11T11:46:56","date_gmt":"2025-11-11T14:46:56","guid":{"rendered":"http:\/\/masquenoticiastucuman.com.ar\/?p=49396"},"modified":"2025-11-11T11:46:56","modified_gmt":"2025-11-11T14:46:56","slug":"el-ultimo-album-de-soundgarden-con-chris-cornell-detalles-de-las-grabaciones-perdidas-y-el-posible-tour-que-nadie-esperaba","status":"publish","type":"post","link":"https:\/\/masquenoticiastucuman.com.ar\/?p=49396","title":{"rendered":"El \u00faltimo \u00e1lbum de Soundgarden con Chris Cornell: detalles de las grabaciones perdidas y el posible tour que nadie esperaba"},"content":{"rendered":"<ul>\n<li>La banda fue inducida en el Rock &amp; Roll Hall of Fame el pasado 8 de noviembre de 2025. <\/li>\n<li>Ocho a\u00f1os despu\u00e9s, para el deleite de muchos, Soundgarden volvi\u00f3 a tocar en vivo y el fantasma de Cornell nunca estuvo tan presente.<\/li>\n<\/ul>\n<p>\u200bLa banda fue inducida en el Rock &amp; Roll Hall of Fame el pasado 8 de noviembre de 2025. Ocho a\u00f1os despu\u00e9s, para el deleite de muchos, Soundgarden volvi\u00f3 a tocar en vivo y el fantasma de Cornell nunca estuvo tan presente.\u00a0<a href=\"https:\/\/www.clarin.com\/estados-unidos\/ultimo-album-soundgarden-chris-cornell-detalles-grabaciones-perdidas-posible-tour-nadie-esperaba_0_ldDwhk0yIK.html\" target=\"_blank\" class=\"feedzy-rss-link-icon\">Read More<\/a><\/p>","protected":false},"excerpt":{"rendered":"<p>La banda fue inducida en el Rock &amp; Roll Hall of Fame el pasado 8&#8230;<\/p>\n","protected":false},"author":1,"featured_media":49397,"comment_status":"open","ping_status":"open","sticky":false,"template":"","format":"standard","meta":{"footnotes":""},"categories":[5],"tags":[],"class_list":["post-49396","post","type-post","status-publish","format-standard","has-post-thumbnail","hentry","category-espectaculo"],"_links":{"self":[{"href":"https:\/\/masquenoticiastucuman.com.ar\/index.php?rest_route=\/wp\/v2\/posts\/49396","targetHints":{"allow":["GET"]}}],"collection":[{"href":"https:\/\/masquenoticiastucuman.com.ar\/index.php?rest_route=\/wp\/v2\/posts"}],"about":[{"href":"https:\/\/masquenoticiastucuman.com.ar\/index.php?rest_route=\/wp\/v2\/types\/post"}],"author":[{"embeddable":true,"href":"https:\/\/masquenoticiastucuman.com.ar\/index.php?rest_route=\/wp\/v2\/users\/1"}],"replies":[{"embeddable":true,"href":"https:\/\/masquenoticiastucuman.com.ar\/index.php?rest_route=%2Fwp%2Fv2%2Fcomments&post=49396"}],"version-history":[{"count":0,"href":"https:\/\/masquenoticiastucuman.com.ar\/index.php?rest_route=\/wp\/v2\/posts\/49396\/revisions"}],"wp:featuredmedia":[{"embeddable":true,"href":"https:\/\/masquenoticiastucuman.com.ar\/index.php?rest_route=\/wp\/v2\/media\/49397"}],"wp:attachment":[{"href":"https:\/\/masquenoticiastucuman.com.ar\/index.php?rest_route=%2Fwp%2Fv2%2Fmedia&parent=49396"}],"wp:term":[{"taxonomy":"category","embeddable":true,"href":"https:\/\/masquenoticiastucuman.com.ar\/index.php?rest_route=%2Fwp%2Fv2%2Fcategories&post=49396"},{"taxonomy":"post_tag","embeddable":true,"href":"https:\/\/masquenoticiastucuman.com.ar\/index.php?rest_route=%2Fwp%2Fv2%2Ftags&post=49396"}],"curies":[{"name":"wp","href":"https:\/\/api.w.org\/{rel}","templated":true}]}}