{"id":49399,"date":"2025-11-11T13:54:23","date_gmt":"2025-11-11T16:54:23","guid":{"rendered":"http:\/\/masquenoticiastucuman.com.ar\/?p=49399"},"modified":"2025-11-11T13:54:23","modified_gmt":"2025-11-11T16:54:23","slug":"el-momento-en-el-que-un-avion-militar-turco-se-estrella-en-georgia-tras-despegar-de-azerbaiyan","status":"publish","type":"post","link":"https:\/\/masquenoticiastucuman.com.ar\/?p=49399","title":{"rendered":"El momento en el que un avi\u00f3n militar turco se estrella en Georgia tras despegar de Azerbaiy\u00e1n"},"content":{"rendered":"<ul>\n<li>Llevaba 20 militares turcos y azer\u00edes a bordo. <\/li>\n<li>Se trata de un H\u00e9rcules C-130E que cay\u00f3 en el este de Georgia.<\/li>\n<\/ul>\n<p>\u200bLlevaba 20 militares turcos y azer\u00edes a bordo. Se trata de un H\u00e9rcules C-130E que cay\u00f3 en el este de Georgia.\u00a0<a href=\"https:\/\/www.clarin.com\/mundo\/momento-avion-militar-turco-estrella-georgia-despegar-azerbaiyan_0_etBqEZE0wB.html\" target=\"_blank\" class=\"feedzy-rss-link-icon\">Read More<\/a><\/p>","protected":false},"excerpt":{"rendered":"<p>Llevaba 20 militares turcos y azer\u00edes a bordo. Se trata de un H\u00e9rcules C-130E que&#8230;<\/p>\n","protected":false},"author":1,"featured_media":49400,"comment_status":"open","ping_status":"open","sticky":false,"template":"","format":"standard","meta":{"footnotes":""},"categories":[4],"tags":[],"class_list":["post-49399","post","type-post","status-publish","format-standard","has-post-thumbnail","hentry","category-internacionales"],"_links":{"self":[{"href":"https:\/\/masquenoticiastucuman.com.ar\/index.php?rest_route=\/wp\/v2\/posts\/49399","targetHints":{"allow":["GET"]}}],"collection":[{"href":"https:\/\/masquenoticiastucuman.com.ar\/index.php?rest_route=\/wp\/v2\/posts"}],"about":[{"href":"https:\/\/masquenoticiastucuman.com.ar\/index.php?rest_route=\/wp\/v2\/types\/post"}],"author":[{"embeddable":true,"href":"https:\/\/masquenoticiastucuman.com.ar\/index.php?rest_route=\/wp\/v2\/users\/1"}],"replies":[{"embeddable":true,"href":"https:\/\/masquenoticiastucuman.com.ar\/index.php?rest_route=%2Fwp%2Fv2%2Fcomments&post=49399"}],"version-history":[{"count":0,"href":"https:\/\/masquenoticiastucuman.com.ar\/index.php?rest_route=\/wp\/v2\/posts\/49399\/revisions"}],"wp:featuredmedia":[{"embeddable":true,"href":"https:\/\/masquenoticiastucuman.com.ar\/index.php?rest_route=\/wp\/v2\/media\/49400"}],"wp:attachment":[{"href":"https:\/\/masquenoticiastucuman.com.ar\/index.php?rest_route=%2Fwp%2Fv2%2Fmedia&parent=49399"}],"wp:term":[{"taxonomy":"category","embeddable":true,"href":"https:\/\/masquenoticiastucuman.com.ar\/index.php?rest_route=%2Fwp%2Fv2%2Fcategories&post=49399"},{"taxonomy":"post_tag","embeddable":true,"href":"https:\/\/masquenoticiastucuman.com.ar\/index.php?rest_route=%2Fwp%2Fv2%2Ftags&post=49399"}],"curies":[{"name":"wp","href":"https:\/\/api.w.org\/{rel}","templated":true}]}}