{"id":49401,"date":"2025-11-11T13:46:03","date_gmt":"2025-11-11T16:46:03","guid":{"rendered":"http:\/\/masquenoticiastucuman.com.ar\/?p=49401"},"modified":"2025-11-11T13:46:03","modified_gmt":"2025-11-11T16:46:03","slug":"el-portaaviones-mas-grande-del-mundo-llega-a-la-region-y-se-incorpora-al-operativo-de-trump-contra-el-narcotrafico-alerta-en-venezuela","status":"publish","type":"post","link":"https:\/\/masquenoticiastucuman.com.ar\/?p=49401","title":{"rendered":"El portaaviones m\u00e1s grande del mundo llega a la regi\u00f3n y se incorpora al operativo de Trump contra el narcotr\u00e1fico: alerta en Venezuela"},"content":{"rendered":"<ul>\n<li>El buque nuclear el USS Gerald Ford ingres\u00f3 en la zona de operaciones del Comando Sur, que abarca el Caribe y toda Am\u00e9rica latina.<\/li>\n<li>Un despliegue que Venezuela ve como una forma de presi\u00f3n para provocar la salida del presidente Nicol\u00e1s Maduro.<\/li>\n<\/ul>\n<p>\u200bEl buque nuclear el USS Gerald Ford ingres\u00f3 en la zona de operaciones del Comando Sur, que abarca el Caribe y toda Am\u00e9rica latina.Un despliegue que Venezuela ve como una forma de presi\u00f3n para provocar la salida del presidente Nicol\u00e1s Maduro.\u00a0<a href=\"https:\/\/www.clarin.com\/mundo\/portaaviones-grande-mundo-llega-caribe-incorpora-operativo-trump-narcotrafico-region-alerta-venezuela_0_UmmqnHUZVB.html\" target=\"_blank\" class=\"feedzy-rss-link-icon\">Read More<\/a><\/p>","protected":false},"excerpt":{"rendered":"<p>El buque nuclear el USS Gerald Ford ingres\u00f3 en la zona de operaciones del Comando&#8230;<\/p>\n","protected":false},"author":1,"featured_media":49402,"comment_status":"open","ping_status":"open","sticky":false,"template":"","format":"standard","meta":{"footnotes":""},"categories":[4],"tags":[],"class_list":["post-49401","post","type-post","status-publish","format-standard","has-post-thumbnail","hentry","category-internacionales"],"_links":{"self":[{"href":"https:\/\/masquenoticiastucuman.com.ar\/index.php?rest_route=\/wp\/v2\/posts\/49401","targetHints":{"allow":["GET"]}}],"collection":[{"href":"https:\/\/masquenoticiastucuman.com.ar\/index.php?rest_route=\/wp\/v2\/posts"}],"about":[{"href":"https:\/\/masquenoticiastucuman.com.ar\/index.php?rest_route=\/wp\/v2\/types\/post"}],"author":[{"embeddable":true,"href":"https:\/\/masquenoticiastucuman.com.ar\/index.php?rest_route=\/wp\/v2\/users\/1"}],"replies":[{"embeddable":true,"href":"https:\/\/masquenoticiastucuman.com.ar\/index.php?rest_route=%2Fwp%2Fv2%2Fcomments&post=49401"}],"version-history":[{"count":0,"href":"https:\/\/masquenoticiastucuman.com.ar\/index.php?rest_route=\/wp\/v2\/posts\/49401\/revisions"}],"wp:featuredmedia":[{"embeddable":true,"href":"https:\/\/masquenoticiastucuman.com.ar\/index.php?rest_route=\/wp\/v2\/media\/49402"}],"wp:attachment":[{"href":"https:\/\/masquenoticiastucuman.com.ar\/index.php?rest_route=%2Fwp%2Fv2%2Fmedia&parent=49401"}],"wp:term":[{"taxonomy":"category","embeddable":true,"href":"https:\/\/masquenoticiastucuman.com.ar\/index.php?rest_route=%2Fwp%2Fv2%2Fcategories&post=49401"},{"taxonomy":"post_tag","embeddable":true,"href":"https:\/\/masquenoticiastucuman.com.ar\/index.php?rest_route=%2Fwp%2Fv2%2Ftags&post=49401"}],"curies":[{"name":"wp","href":"https:\/\/api.w.org\/{rel}","templated":true}]}}