{"id":49403,"date":"2025-11-11T13:50:31","date_gmt":"2025-11-11T16:50:31","guid":{"rendered":"http:\/\/masquenoticiastucuman.com.ar\/?p=49403"},"modified":"2025-11-11T13:50:31","modified_gmt":"2025-11-11T16:50:31","slug":"todo-sobre-la-serie-v-de-vendetta-de-hbo-de-que-trata-quien-dirige-y-lo-que-se-sabe-de-la-nueva-produccion-de-dc-comics","status":"publish","type":"post","link":"https:\/\/masquenoticiastucuman.com.ar\/?p=49403","title":{"rendered":"Todo sobre la serie &#8220;V de Vendetta&#8221; de HBO: de qu\u00e9 trata, qui\u00e9n dirige y lo que se sabe de la nueva producci\u00f3n de DC C\u00f3mics"},"content":{"rendered":"<ul>\n<li>La emblem\u00e1tica obra de Alan Moore y David Lloyd regresa como una serie, con el respaldo de DC Studios y HBO.<\/li>\n<li>Prep\u00e1rate para el regreso del anarquista m\u00e1s famoso de los c\u00f3mics.<\/li>\n<\/ul>\n<p>\u200bLa emblem\u00e1tica obra de Alan Moore y David Lloyd regresa como una serie, con el respaldo de DC Studios y HBO.Prep\u00e1rate para el regreso del anarquista m\u00e1s famoso de los c\u00f3mics.\u00a0<a href=\"https:\/\/www.clarin.com\/estados-unidos\/serie-v-vendetta-hbo-trata-dirige-sabe-nueva-produccion-dc-comics_0_3nkrSqukJe.html\" target=\"_blank\" class=\"feedzy-rss-link-icon\">Read More<\/a><\/p>","protected":false},"excerpt":{"rendered":"<p>La emblem\u00e1tica obra de Alan Moore y David Lloyd regresa como una serie, con el&#8230;<\/p>\n","protected":false},"author":1,"featured_media":49404,"comment_status":"open","ping_status":"open","sticky":false,"template":"","format":"standard","meta":{"footnotes":""},"categories":[5],"tags":[],"class_list":["post-49403","post","type-post","status-publish","format-standard","has-post-thumbnail","hentry","category-espectaculo"],"_links":{"self":[{"href":"https:\/\/masquenoticiastucuman.com.ar\/index.php?rest_route=\/wp\/v2\/posts\/49403","targetHints":{"allow":["GET"]}}],"collection":[{"href":"https:\/\/masquenoticiastucuman.com.ar\/index.php?rest_route=\/wp\/v2\/posts"}],"about":[{"href":"https:\/\/masquenoticiastucuman.com.ar\/index.php?rest_route=\/wp\/v2\/types\/post"}],"author":[{"embeddable":true,"href":"https:\/\/masquenoticiastucuman.com.ar\/index.php?rest_route=\/wp\/v2\/users\/1"}],"replies":[{"embeddable":true,"href":"https:\/\/masquenoticiastucuman.com.ar\/index.php?rest_route=%2Fwp%2Fv2%2Fcomments&post=49403"}],"version-history":[{"count":0,"href":"https:\/\/masquenoticiastucuman.com.ar\/index.php?rest_route=\/wp\/v2\/posts\/49403\/revisions"}],"wp:featuredmedia":[{"embeddable":true,"href":"https:\/\/masquenoticiastucuman.com.ar\/index.php?rest_route=\/wp\/v2\/media\/49404"}],"wp:attachment":[{"href":"https:\/\/masquenoticiastucuman.com.ar\/index.php?rest_route=%2Fwp%2Fv2%2Fmedia&parent=49403"}],"wp:term":[{"taxonomy":"category","embeddable":true,"href":"https:\/\/masquenoticiastucuman.com.ar\/index.php?rest_route=%2Fwp%2Fv2%2Fcategories&post=49403"},{"taxonomy":"post_tag","embeddable":true,"href":"https:\/\/masquenoticiastucuman.com.ar\/index.php?rest_route=%2Fwp%2Fv2%2Ftags&post=49403"}],"curies":[{"name":"wp","href":"https:\/\/api.w.org\/{rel}","templated":true}]}}