{"id":49405,"date":"2025-11-11T15:00:17","date_gmt":"2025-11-11T18:00:17","guid":{"rendered":"http:\/\/masquenoticiastucuman.com.ar\/?p=49405"},"modified":"2025-11-11T15:00:17","modified_gmt":"2025-11-11T18:00:17","slug":"la-siniestra-carcel-africana-donde-van-los-deportados-de-estados-unidos-es-como-una-jungla","status":"publish","type":"post","link":"https:\/\/masquenoticiastucuman.com.ar\/?p=49405","title":{"rendered":"La siniestra c\u00e1rcel africana donde van los deportados de Estados Unidos: &#8220;Es como una jungla&#8221;"},"content":{"rendered":"<ul>\n<li>El Centro Correccional de Matsapha es una extensa estructura de hormig\u00f3n y \u00f3xido de alta seguridad situada a las afueras de la capital de Esuatini, Mbabane.<\/li>\n<li>All\u00ed, la administraci\u00f3n Trump env\u00edo a 14 detenidos, entre ellos un cubano, en huelga de hambre.<\/li>\n<\/ul>\n<p>\u200bEl Centro Correccional de Matsapha es una extensa estructura de hormig\u00f3n y \u00f3xido de alta seguridad situada a las afueras de la capital de Esuatini, Mbabane.All\u00ed, la administraci\u00f3n Trump env\u00edo a 14 detenidos, entre ellos un cubano, en huelga de hambre.\u00a0<a href=\"https:\/\/www.clarin.com\/mundo\/siniestra-carcel-africana-van-deportados-estados-unidos-jungla_0_nIbcDi71Xz.html\" target=\"_blank\" class=\"feedzy-rss-link-icon\">Read More<\/a><\/p>","protected":false},"excerpt":{"rendered":"<p>El Centro Correccional de Matsapha es una extensa estructura de hormig\u00f3n y \u00f3xido de alta&#8230;<\/p>\n","protected":false},"author":1,"featured_media":49406,"comment_status":"open","ping_status":"open","sticky":false,"template":"","format":"standard","meta":{"footnotes":""},"categories":[4],"tags":[],"class_list":["post-49405","post","type-post","status-publish","format-standard","has-post-thumbnail","hentry","category-internacionales"],"_links":{"self":[{"href":"https:\/\/masquenoticiastucuman.com.ar\/index.php?rest_route=\/wp\/v2\/posts\/49405","targetHints":{"allow":["GET"]}}],"collection":[{"href":"https:\/\/masquenoticiastucuman.com.ar\/index.php?rest_route=\/wp\/v2\/posts"}],"about":[{"href":"https:\/\/masquenoticiastucuman.com.ar\/index.php?rest_route=\/wp\/v2\/types\/post"}],"author":[{"embeddable":true,"href":"https:\/\/masquenoticiastucuman.com.ar\/index.php?rest_route=\/wp\/v2\/users\/1"}],"replies":[{"embeddable":true,"href":"https:\/\/masquenoticiastucuman.com.ar\/index.php?rest_route=%2Fwp%2Fv2%2Fcomments&post=49405"}],"version-history":[{"count":0,"href":"https:\/\/masquenoticiastucuman.com.ar\/index.php?rest_route=\/wp\/v2\/posts\/49405\/revisions"}],"wp:featuredmedia":[{"embeddable":true,"href":"https:\/\/masquenoticiastucuman.com.ar\/index.php?rest_route=\/wp\/v2\/media\/49406"}],"wp:attachment":[{"href":"https:\/\/masquenoticiastucuman.com.ar\/index.php?rest_route=%2Fwp%2Fv2%2Fmedia&parent=49405"}],"wp:term":[{"taxonomy":"category","embeddable":true,"href":"https:\/\/masquenoticiastucuman.com.ar\/index.php?rest_route=%2Fwp%2Fv2%2Fcategories&post=49405"},{"taxonomy":"post_tag","embeddable":true,"href":"https:\/\/masquenoticiastucuman.com.ar\/index.php?rest_route=%2Fwp%2Fv2%2Ftags&post=49405"}],"curies":[{"name":"wp","href":"https:\/\/api.w.org\/{rel}","templated":true}]}}