{"id":49409,"date":"2025-11-11T14:33:26","date_gmt":"2025-11-11T17:33:26","guid":{"rendered":"http:\/\/masquenoticiastucuman.com.ar\/?p=49409"},"modified":"2025-11-11T14:33:26","modified_gmt":"2025-11-11T17:33:26","slug":"murio-a-los-84-anos-sally-kirkland-la-actriz-nominada-al-oscar-que-trabajo-con-todos-los-grandes-de-hollywood","status":"publish","type":"post","link":"https:\/\/masquenoticiastucuman.com.ar\/?p=49409","title":{"rendered":"Muri\u00f3 a los 84 a\u00f1os Sally Kirkland, la actriz nominada al Oscar que trabaj\u00f3 con todos los grandes de Hollywood"},"content":{"rendered":"<ul>\n<li>Particip\u00f3 en &#8220;El golpe&#8221; con Paul Newman, &#8220;Nace una estrella&#8221; con Barbra Streisand, Goldie Hawn en &#8220;La p\u00edcara recluta&#8221; y &#8220;JFK&#8221; con Oliver Stone.<\/li>\n<li>Gan\u00f3 un Globo de Oro por &#8220;Anna y Cristina&#8221;.<\/li>\n<\/ul>\n<p>\u200bParticip\u00f3 en &#8220;El golpe&#8221; con Paul Newman, &#8220;Nace una estrella&#8221; con Barbra Streisand, Goldie Hawn en &#8220;La p\u00edcara recluta&#8221; y &#8220;JFK&#8221; con Oliver Stone.Gan\u00f3 un Globo de Oro por &#8220;Anna y Cristina&#8221;.\u00a0<a href=\"https:\/\/www.clarin.com\/espectaculos\/murio-84-anos-sally-kirkland-actriz-nominada-oscar-trabajo-grandes-hollywood_0_VISwj675HH.html\" target=\"_blank\" class=\"feedzy-rss-link-icon\">Read More<\/a><\/p>","protected":false},"excerpt":{"rendered":"<p>Particip\u00f3 en &#8220;El golpe&#8221; con Paul Newman, &#8220;Nace una estrella&#8221; con Barbra Streisand, Goldie Hawn&#8230;<\/p>\n","protected":false},"author":1,"featured_media":49410,"comment_status":"open","ping_status":"open","sticky":false,"template":"","format":"standard","meta":{"footnotes":""},"categories":[5],"tags":[],"class_list":["post-49409","post","type-post","status-publish","format-standard","has-post-thumbnail","hentry","category-espectaculo"],"_links":{"self":[{"href":"https:\/\/masquenoticiastucuman.com.ar\/index.php?rest_route=\/wp\/v2\/posts\/49409","targetHints":{"allow":["GET"]}}],"collection":[{"href":"https:\/\/masquenoticiastucuman.com.ar\/index.php?rest_route=\/wp\/v2\/posts"}],"about":[{"href":"https:\/\/masquenoticiastucuman.com.ar\/index.php?rest_route=\/wp\/v2\/types\/post"}],"author":[{"embeddable":true,"href":"https:\/\/masquenoticiastucuman.com.ar\/index.php?rest_route=\/wp\/v2\/users\/1"}],"replies":[{"embeddable":true,"href":"https:\/\/masquenoticiastucuman.com.ar\/index.php?rest_route=%2Fwp%2Fv2%2Fcomments&post=49409"}],"version-history":[{"count":0,"href":"https:\/\/masquenoticiastucuman.com.ar\/index.php?rest_route=\/wp\/v2\/posts\/49409\/revisions"}],"wp:featuredmedia":[{"embeddable":true,"href":"https:\/\/masquenoticiastucuman.com.ar\/index.php?rest_route=\/wp\/v2\/media\/49410"}],"wp:attachment":[{"href":"https:\/\/masquenoticiastucuman.com.ar\/index.php?rest_route=%2Fwp%2Fv2%2Fmedia&parent=49409"}],"wp:term":[{"taxonomy":"category","embeddable":true,"href":"https:\/\/masquenoticiastucuman.com.ar\/index.php?rest_route=%2Fwp%2Fv2%2Fcategories&post=49409"},{"taxonomy":"post_tag","embeddable":true,"href":"https:\/\/masquenoticiastucuman.com.ar\/index.php?rest_route=%2Fwp%2Fv2%2Ftags&post=49409"}],"curies":[{"name":"wp","href":"https:\/\/api.w.org\/{rel}","templated":true}]}}