{"id":49411,"date":"2025-11-11T15:01:19","date_gmt":"2025-11-11T18:01:19","guid":{"rendered":"http:\/\/masquenoticiastucuman.com.ar\/?p=49411"},"modified":"2025-11-11T15:01:19","modified_gmt":"2025-11-11T18:01:19","slug":"no-tiene-sentido-caputo-explico-por-que-el-gobierno-no-puede-dejar-que-el-dolar-flote","status":"publish","type":"post","link":"https:\/\/masquenoticiastucuman.com.ar\/?p=49411","title":{"rendered":"&#8220;No tiene sentido&#8221;: Caputo explic\u00f3 por qu\u00e9 el Gobierno no puede dejar que el d\u00f3lar flote"},"content":{"rendered":"<ul>\n<li>El ministro de Econom\u00eda habl\u00f3 ante empresarios del sector de seguros sobre c\u00f3mo continuar\u00e1 el plan econ\u00f3mico.<\/li>\n<li>Asegur\u00f3 que el mercado cambiario local es &#8220;poco profundo&#8221; y que es muy vol\u00e1til: &#8220;No es serio&#8221;.<\/li>\n<\/ul>\n<p>\u200bEl ministro de Econom\u00eda habl\u00f3 ante empresarios del sector de seguros sobre c\u00f3mo continuar\u00e1 el plan econ\u00f3mico.Asegur\u00f3 que el mercado cambiario local es &#8220;poco profundo&#8221; y que es muy vol\u00e1til: &#8220;No es serio&#8221;.\u00a0<a href=\"https:\/\/www.clarin.com\/economia\/sentido-caputo-explico-gobierno-puede-dejar-dolar-flote_0_yy9CBgF66w.html\" target=\"_blank\" class=\"feedzy-rss-link-icon\">Read More<\/a><\/p>","protected":false},"excerpt":{"rendered":"<p>El ministro de Econom\u00eda habl\u00f3 ante empresarios del sector de seguros sobre c\u00f3mo continuar\u00e1 el&#8230;<\/p>\n","protected":false},"author":1,"featured_media":0,"comment_status":"open","ping_status":"open","sticky":false,"template":"","format":"standard","meta":{"footnotes":""},"categories":[3],"tags":[],"class_list":["post-49411","post","type-post","status-publish","format-standard","has-post-thumbnail","hentry","category-nacionales"],"_links":{"self":[{"href":"https:\/\/masquenoticiastucuman.com.ar\/index.php?rest_route=\/wp\/v2\/posts\/49411","targetHints":{"allow":["GET"]}}],"collection":[{"href":"https:\/\/masquenoticiastucuman.com.ar\/index.php?rest_route=\/wp\/v2\/posts"}],"about":[{"href":"https:\/\/masquenoticiastucuman.com.ar\/index.php?rest_route=\/wp\/v2\/types\/post"}],"author":[{"embeddable":true,"href":"https:\/\/masquenoticiastucuman.com.ar\/index.php?rest_route=\/wp\/v2\/users\/1"}],"replies":[{"embeddable":true,"href":"https:\/\/masquenoticiastucuman.com.ar\/index.php?rest_route=%2Fwp%2Fv2%2Fcomments&post=49411"}],"version-history":[{"count":0,"href":"https:\/\/masquenoticiastucuman.com.ar\/index.php?rest_route=\/wp\/v2\/posts\/49411\/revisions"}],"wp:attachment":[{"href":"https:\/\/masquenoticiastucuman.com.ar\/index.php?rest_route=%2Fwp%2Fv2%2Fmedia&parent=49411"}],"wp:term":[{"taxonomy":"category","embeddable":true,"href":"https:\/\/masquenoticiastucuman.com.ar\/index.php?rest_route=%2Fwp%2Fv2%2Fcategories&post=49411"},{"taxonomy":"post_tag","embeddable":true,"href":"https:\/\/masquenoticiastucuman.com.ar\/index.php?rest_route=%2Fwp%2Fv2%2Ftags&post=49411"}],"curies":[{"name":"wp","href":"https:\/\/api.w.org\/{rel}","templated":true}]}}