{"id":49412,"date":"2025-11-11T14:57:20","date_gmt":"2025-11-11T17:57:20","guid":{"rendered":"http:\/\/masquenoticiastucuman.com.ar\/?p=49412"},"modified":"2025-11-11T14:57:20","modified_gmt":"2025-11-11T17:57:20","slug":"la-industria-del-acero-contra-las-cuerdas-china-amenaza-su-supervivencia-en-toda-america-latina","status":"publish","type":"post","link":"https:\/\/masquenoticiastucuman.com.ar\/?p=49412","title":{"rendered":"La industria del acero contra las cuerdas: China amenaza su supervivencia en toda Am\u00e9rica latina"},"content":{"rendered":"<ul>\n<li>Hay un fuerte retroceso de las exportaciones de acero que cayeron en M\u00e9xico 20% y en Argentina 13%.<\/li>\n<li>Son el nivel m\u00e1s bajo en 7 a\u00f1os.<\/li>\n<li>Mientras las importaciones chinas  de acero en Am\u00e9rica Latina representan 45,4%.<\/li>\n<li>Reclaman una estrategia conjunta de los pa\u00edses.<\/li>\n<\/ul>\n<p>\u200bHay un fuerte retroceso de las exportaciones de acero que cayeron en M\u00e9xico 20% y en Argentina 13%.Son el nivel m\u00e1s bajo en 7 a\u00f1os.Mientras las importaciones chinas  de acero en Am\u00e9rica Latina representan 45,4%.Reclaman una estrategia conjunta de los pa\u00edses.\u00a0<a href=\"https:\/\/www.clarin.com\/economia\/industria-acero-cuerdas-china-amenaza-supervivencia-toda-america-latina_0_uEQrtIi37J.html\" target=\"_blank\" class=\"feedzy-rss-link-icon\">Read More<\/a><\/p>","protected":false},"excerpt":{"rendered":"<p>Hay un fuerte retroceso de las exportaciones de acero que cayeron en M\u00e9xico 20% y&#8230;<\/p>\n","protected":false},"author":1,"featured_media":0,"comment_status":"open","ping_status":"open","sticky":false,"template":"","format":"standard","meta":{"footnotes":""},"categories":[3],"tags":[],"class_list":["post-49412","post","type-post","status-publish","format-standard","has-post-thumbnail","hentry","category-nacionales"],"_links":{"self":[{"href":"https:\/\/masquenoticiastucuman.com.ar\/index.php?rest_route=\/wp\/v2\/posts\/49412","targetHints":{"allow":["GET"]}}],"collection":[{"href":"https:\/\/masquenoticiastucuman.com.ar\/index.php?rest_route=\/wp\/v2\/posts"}],"about":[{"href":"https:\/\/masquenoticiastucuman.com.ar\/index.php?rest_route=\/wp\/v2\/types\/post"}],"author":[{"embeddable":true,"href":"https:\/\/masquenoticiastucuman.com.ar\/index.php?rest_route=\/wp\/v2\/users\/1"}],"replies":[{"embeddable":true,"href":"https:\/\/masquenoticiastucuman.com.ar\/index.php?rest_route=%2Fwp%2Fv2%2Fcomments&post=49412"}],"version-history":[{"count":0,"href":"https:\/\/masquenoticiastucuman.com.ar\/index.php?rest_route=\/wp\/v2\/posts\/49412\/revisions"}],"wp:attachment":[{"href":"https:\/\/masquenoticiastucuman.com.ar\/index.php?rest_route=%2Fwp%2Fv2%2Fmedia&parent=49412"}],"wp:term":[{"taxonomy":"category","embeddable":true,"href":"https:\/\/masquenoticiastucuman.com.ar\/index.php?rest_route=%2Fwp%2Fv2%2Fcategories&post=49412"},{"taxonomy":"post_tag","embeddable":true,"href":"https:\/\/masquenoticiastucuman.com.ar\/index.php?rest_route=%2Fwp%2Fv2%2Ftags&post=49412"}],"curies":[{"name":"wp","href":"https:\/\/api.w.org\/{rel}","templated":true}]}}