{"id":49413,"date":"2025-11-11T15:19:49","date_gmt":"2025-11-11T18:19:49","guid":{"rendered":"http:\/\/masquenoticiastucuman.com.ar\/?p=49413"},"modified":"2025-11-11T15:19:49","modified_gmt":"2025-11-11T18:19:49","slug":"el-representante-de-cambeses-presiona-a-milito-ante-una-supuesta-oferta-deben-decidir-si-lo-quieren-retener-o-pagarle-lo-que-vale","status":"publish","type":"post","link":"https:\/\/masquenoticiastucuman.com.ar\/?p=49413","title":{"rendered":"El representante de Cambeses presiona a Milito ante una supuesta oferta: &#8220;Deben decidir si lo quieren retener o pagarle lo que vale&#8221;"},"content":{"rendered":"<ul>\n<li>Juan Cruz Oller asegur\u00f3 que Racing recibir\u00e1 una oferta &#8220;dif\u00edcil de rechazar&#8221; por el arquero que fue convocado por Scaloni.<\/li>\n<li>&#8220;Su contrato deber\u00eda ser mejor porque ataja en la Selecci\u00f3n&#8221;, exigi\u00f3. \u00bfDe qu\u00e9 pa\u00eds consultaron por el exBanfield?<\/li>\n<\/ul>\n<p>\u200bJuan Cruz Oller asegur\u00f3 que Racing recibir\u00e1 una oferta &#8220;dif\u00edcil de rechazar&#8221; por el arquero que fue convocado por Scaloni.&#8221;Su contrato deber\u00eda ser mejor porque ataja en la Selecci\u00f3n&#8221;, exigi\u00f3. \u00bfDe qu\u00e9 pa\u00eds consultaron por el exBanfield?\u00a0<a href=\"https:\/\/www.clarin.com\/deportes\/representante-cambeses-presiona-milito-supuesta-oferta-deben-decidir-quieren-retener-pagarle-vale_0_5D3hIIZNeh.html\" target=\"_blank\" class=\"feedzy-rss-link-icon\">Read More<\/a><\/p>","protected":false},"excerpt":{"rendered":"<p>Juan Cruz Oller asegur\u00f3 que Racing recibir\u00e1 una oferta &#8220;dif\u00edcil de rechazar&#8221; por el arquero&#8230;<\/p>\n","protected":false},"author":1,"featured_media":0,"comment_status":"open","ping_status":"open","sticky":false,"template":"","format":"standard","meta":{"footnotes":""},"categories":[6],"tags":[],"class_list":["post-49413","post","type-post","status-publish","format-standard","has-post-thumbnail","hentry","category-deportes"],"_links":{"self":[{"href":"https:\/\/masquenoticiastucuman.com.ar\/index.php?rest_route=\/wp\/v2\/posts\/49413","targetHints":{"allow":["GET"]}}],"collection":[{"href":"https:\/\/masquenoticiastucuman.com.ar\/index.php?rest_route=\/wp\/v2\/posts"}],"about":[{"href":"https:\/\/masquenoticiastucuman.com.ar\/index.php?rest_route=\/wp\/v2\/types\/post"}],"author":[{"embeddable":true,"href":"https:\/\/masquenoticiastucuman.com.ar\/index.php?rest_route=\/wp\/v2\/users\/1"}],"replies":[{"embeddable":true,"href":"https:\/\/masquenoticiastucuman.com.ar\/index.php?rest_route=%2Fwp%2Fv2%2Fcomments&post=49413"}],"version-history":[{"count":0,"href":"https:\/\/masquenoticiastucuman.com.ar\/index.php?rest_route=\/wp\/v2\/posts\/49413\/revisions"}],"wp:attachment":[{"href":"https:\/\/masquenoticiastucuman.com.ar\/index.php?rest_route=%2Fwp%2Fv2%2Fmedia&parent=49413"}],"wp:term":[{"taxonomy":"category","embeddable":true,"href":"https:\/\/masquenoticiastucuman.com.ar\/index.php?rest_route=%2Fwp%2Fv2%2Fcategories&post=49413"},{"taxonomy":"post_tag","embeddable":true,"href":"https:\/\/masquenoticiastucuman.com.ar\/index.php?rest_route=%2Fwp%2Fv2%2Ftags&post=49413"}],"curies":[{"name":"wp","href":"https:\/\/api.w.org\/{rel}","templated":true}]}}