{"id":49416,"date":"2025-11-11T16:55:09","date_gmt":"2025-11-11T19:55:09","guid":{"rendered":"http:\/\/masquenoticiastucuman.com.ar\/?p=49416"},"modified":"2025-11-11T16:55:09","modified_gmt":"2025-11-11T19:55:09","slug":"martin-rappallini-los-empresarios-quieren-esta-nueva-etapa-pero-conviven-con-los-problemas-del-pasado","status":"publish","type":"post","link":"https:\/\/masquenoticiastucuman.com.ar\/?p=49416","title":{"rendered":"Mart\u00edn Rappallini: &#8220;Los empresarios quieren esta nueva etapa pero conviven con los problemas del pasado&#8221;"},"content":{"rendered":"<ul>\n<li>El presidente de la UIA se refiri\u00f3 al gobierno de Milei como un cambio de r\u00e9gimen que implica una transici\u00f3n compleja.<\/li>\n<li>La expectativa por las reformas y el desaf\u00edo de frenar el avance chino.<\/li>\n<\/ul>\n<p>\u200bEl presidente de la UIA se refiri\u00f3 al gobierno de Milei como un cambio de r\u00e9gimen que implica una transici\u00f3n compleja.La expectativa por las reformas y el desaf\u00edo de frenar el avance chino.\u00a0<a href=\"https:\/\/www.clarin.com\/economia\/martin-rappallini-empresarios-quieren-nueva-etapa-conviven-problemas-pasado_0_QSwCLi7jfe.html\" target=\"_blank\" class=\"feedzy-rss-link-icon\">Read More<\/a><\/p>","protected":false},"excerpt":{"rendered":"<p>El presidente de la UIA se refiri\u00f3 al gobierno de Milei como un cambio de&#8230;<\/p>\n","protected":false},"author":1,"featured_media":0,"comment_status":"open","ping_status":"open","sticky":false,"template":"","format":"standard","meta":{"footnotes":""},"categories":[3],"tags":[],"class_list":["post-49416","post","type-post","status-publish","format-standard","has-post-thumbnail","hentry","category-nacionales"],"_links":{"self":[{"href":"https:\/\/masquenoticiastucuman.com.ar\/index.php?rest_route=\/wp\/v2\/posts\/49416","targetHints":{"allow":["GET"]}}],"collection":[{"href":"https:\/\/masquenoticiastucuman.com.ar\/index.php?rest_route=\/wp\/v2\/posts"}],"about":[{"href":"https:\/\/masquenoticiastucuman.com.ar\/index.php?rest_route=\/wp\/v2\/types\/post"}],"author":[{"embeddable":true,"href":"https:\/\/masquenoticiastucuman.com.ar\/index.php?rest_route=\/wp\/v2\/users\/1"}],"replies":[{"embeddable":true,"href":"https:\/\/masquenoticiastucuman.com.ar\/index.php?rest_route=%2Fwp%2Fv2%2Fcomments&post=49416"}],"version-history":[{"count":0,"href":"https:\/\/masquenoticiastucuman.com.ar\/index.php?rest_route=\/wp\/v2\/posts\/49416\/revisions"}],"wp:attachment":[{"href":"https:\/\/masquenoticiastucuman.com.ar\/index.php?rest_route=%2Fwp%2Fv2%2Fmedia&parent=49416"}],"wp:term":[{"taxonomy":"category","embeddable":true,"href":"https:\/\/masquenoticiastucuman.com.ar\/index.php?rest_route=%2Fwp%2Fv2%2Fcategories&post=49416"},{"taxonomy":"post_tag","embeddable":true,"href":"https:\/\/masquenoticiastucuman.com.ar\/index.php?rest_route=%2Fwp%2Fv2%2Ftags&post=49416"}],"curies":[{"name":"wp","href":"https:\/\/api.w.org\/{rel}","templated":true}]}}