{"id":49417,"date":"2025-11-11T16:29:13","date_gmt":"2025-11-11T19:29:13","guid":{"rendered":"http:\/\/masquenoticiastucuman.com.ar\/?p=49417"},"modified":"2025-11-11T16:29:13","modified_gmt":"2025-11-11T19:29:13","slug":"vicentin-grassi-fue-reconocido-como-el-primero-en-reunir-los-avales-y-hay-5-dias-para-impugnaciones","status":"publish","type":"post","link":"https:\/\/masquenoticiastucuman.com.ar\/?p=49417","title":{"rendered":"Vicentin: Grassi fue reconocido como el primero en reunir los avales y hay 5 d\u00edas para impugnaciones"},"content":{"rendered":"<ul>\n<li>El juez Fabi\u00e1n Lorenzini lo resolvi\u00f3 luego de un informe de la sindicatura judicial, que contabiliz\u00f3 los votos y los montos de los acreedores.<\/li>\n<\/ul>\n<p>\u200bEl juez Fabi\u00e1n Lorenzini lo resolvi\u00f3 luego de un informe de la sindicatura judicial, que contabiliz\u00f3 los votos y los montos de los acreedores.\u00a0<a href=\"https:\/\/www.clarin.com\/rural\/vicentin-grassi-reconocido-primero-reunir-avales-5-dias-impugnaciones_0_Z3TMGvz58B.html\" target=\"_blank\" class=\"feedzy-rss-link-icon\">Read More<\/a><\/p>","protected":false},"excerpt":{"rendered":"<p>El juez Fabi\u00e1n Lorenzini lo resolvi\u00f3 luego de un informe de la sindicatura judicial, que&#8230;<\/p>\n","protected":false},"author":1,"featured_media":0,"comment_status":"open","ping_status":"open","sticky":false,"template":"","format":"standard","meta":{"footnotes":""},"categories":[3],"tags":[],"class_list":["post-49417","post","type-post","status-publish","format-standard","has-post-thumbnail","hentry","category-nacionales"],"_links":{"self":[{"href":"https:\/\/masquenoticiastucuman.com.ar\/index.php?rest_route=\/wp\/v2\/posts\/49417","targetHints":{"allow":["GET"]}}],"collection":[{"href":"https:\/\/masquenoticiastucuman.com.ar\/index.php?rest_route=\/wp\/v2\/posts"}],"about":[{"href":"https:\/\/masquenoticiastucuman.com.ar\/index.php?rest_route=\/wp\/v2\/types\/post"}],"author":[{"embeddable":true,"href":"https:\/\/masquenoticiastucuman.com.ar\/index.php?rest_route=\/wp\/v2\/users\/1"}],"replies":[{"embeddable":true,"href":"https:\/\/masquenoticiastucuman.com.ar\/index.php?rest_route=%2Fwp%2Fv2%2Fcomments&post=49417"}],"version-history":[{"count":0,"href":"https:\/\/masquenoticiastucuman.com.ar\/index.php?rest_route=\/wp\/v2\/posts\/49417\/revisions"}],"wp:attachment":[{"href":"https:\/\/masquenoticiastucuman.com.ar\/index.php?rest_route=%2Fwp%2Fv2%2Fmedia&parent=49417"}],"wp:term":[{"taxonomy":"category","embeddable":true,"href":"https:\/\/masquenoticiastucuman.com.ar\/index.php?rest_route=%2Fwp%2Fv2%2Fcategories&post=49417"},{"taxonomy":"post_tag","embeddable":true,"href":"https:\/\/masquenoticiastucuman.com.ar\/index.php?rest_route=%2Fwp%2Fv2%2Ftags&post=49417"}],"curies":[{"name":"wp","href":"https:\/\/api.w.org\/{rel}","templated":true}]}}