{"id":49421,"date":"2025-11-11T16:13:40","date_gmt":"2025-11-11T19:13:40","guid":{"rendered":"http:\/\/masquenoticiastucuman.com.ar\/?p=49421"},"modified":"2025-11-11T16:13:40","modified_gmt":"2025-11-11T19:13:40","slug":"mundial-sub-17-la-seleccion-argentina-jugara-contra-mexico-en-16vos-de-final-en-qatar-2025-y-todo-el-cuadro-de-la-fase-de-eliminacion","status":"publish","type":"post","link":"https:\/\/masquenoticiastucuman.com.ar\/?p=49421","title":{"rendered":"Mundial Sub 17: la Selecci\u00f3n Argentina jugar\u00e1 contra M\u00e9xico en 16vos de final en Qatar 2025 y todo el cuadro de la fase de eliminaci\u00f3n"},"content":{"rendered":"<ul>\n<li>Se definieron los 32 clasificados a la siguiente ronda de la Copa del Mundo.<\/li>\n<li>El equipo de Diego Placente pas\u00f3 de ronda como el mejor de la fase de grupos.<\/li>\n<li>Ac\u00e1, qui\u00e9nes y c\u00f3mo clasifican y el formato de los mata-mata.<\/li>\n<\/ul>\n<p>\u200bSe definieron los 32 clasificados a la siguiente ronda de la Copa del Mundo.El equipo de Diego Placente pas\u00f3 de ronda como el mejor de la fase de grupos.Ac\u00e1, qui\u00e9nes y c\u00f3mo clasifican y el formato de los mata-mata.\u00a0<a href=\"https:\/\/www.clarin.com\/deportes\/mundial-sub-17-seleccion-argentina-jugara-mexico-16vos-final-qatar-2025-cuadro-fase-eliminacion_0_xOdQV2F3FQ.html\" target=\"_blank\" class=\"feedzy-rss-link-icon\">Read More<\/a><\/p>","protected":false},"excerpt":{"rendered":"<p>Se definieron los 32 clasificados a la siguiente ronda de la Copa del Mundo. El&#8230;<\/p>\n","protected":false},"author":1,"featured_media":0,"comment_status":"open","ping_status":"open","sticky":false,"template":"","format":"standard","meta":{"footnotes":""},"categories":[6],"tags":[],"class_list":["post-49421","post","type-post","status-publish","format-standard","has-post-thumbnail","hentry","category-deportes"],"_links":{"self":[{"href":"https:\/\/masquenoticiastucuman.com.ar\/index.php?rest_route=\/wp\/v2\/posts\/49421","targetHints":{"allow":["GET"]}}],"collection":[{"href":"https:\/\/masquenoticiastucuman.com.ar\/index.php?rest_route=\/wp\/v2\/posts"}],"about":[{"href":"https:\/\/masquenoticiastucuman.com.ar\/index.php?rest_route=\/wp\/v2\/types\/post"}],"author":[{"embeddable":true,"href":"https:\/\/masquenoticiastucuman.com.ar\/index.php?rest_route=\/wp\/v2\/users\/1"}],"replies":[{"embeddable":true,"href":"https:\/\/masquenoticiastucuman.com.ar\/index.php?rest_route=%2Fwp%2Fv2%2Fcomments&post=49421"}],"version-history":[{"count":0,"href":"https:\/\/masquenoticiastucuman.com.ar\/index.php?rest_route=\/wp\/v2\/posts\/49421\/revisions"}],"wp:attachment":[{"href":"https:\/\/masquenoticiastucuman.com.ar\/index.php?rest_route=%2Fwp%2Fv2%2Fmedia&parent=49421"}],"wp:term":[{"taxonomy":"category","embeddable":true,"href":"https:\/\/masquenoticiastucuman.com.ar\/index.php?rest_route=%2Fwp%2Fv2%2Fcategories&post=49421"},{"taxonomy":"post_tag","embeddable":true,"href":"https:\/\/masquenoticiastucuman.com.ar\/index.php?rest_route=%2Fwp%2Fv2%2Ftags&post=49421"}],"curies":[{"name":"wp","href":"https:\/\/api.w.org\/{rel}","templated":true}]}}