{"id":49422,"date":"2025-11-11T18:13:52","date_gmt":"2025-11-11T21:13:52","guid":{"rendered":"http:\/\/masquenoticiastucuman.com.ar\/?p=49422"},"modified":"2025-11-11T18:13:52","modified_gmt":"2025-11-11T21:13:52","slug":"el-sitio-de-sarajevo-y-los-safaris-de-la-muerte-denuncian-en-italia-viajes-para-disparar-a-civiles-durante-el-brutal-asedio-a-la-capital-de-bosnia","status":"publish","type":"post","link":"https:\/\/masquenoticiastucuman.com.ar\/?p=49422","title":{"rendered":"El sitio de Sarajevo y los &#8220;safaris de la muerte&#8221;: denuncian en Italia viajes para disparar a civiles durante el brutal asedio a la capital de Bosnia"},"content":{"rendered":"<ul>\n<li>La investigaci\u00f3n de estos supuestos cr\u00edmenes est\u00e1 a cargo del fiscal milan\u00e9s Alessandro Gobbis y ha surgido por la denuncia del escritor Ezio Gavazzeni y de los abogados Nicola Brigida y Guido Salvini.<\/li>\n<li>Fue el asedio m\u00e1s prolongado a una ciudad en la historia de la guerra moderna. Llevado a cabo por las fuerzas de la autoproclamada Rep\u00fablica Srpska y el Ej\u00e9rcito Popular Yugoslavo, dur\u00f3 desde el 5 de abril de 1992 al 29 de febrero de 1996.<\/li>\n<\/ul>\n<p>\u200bLa investigaci\u00f3n de estos supuestos cr\u00edmenes est\u00e1 a cargo del fiscal milan\u00e9s Alessandro Gobbis y ha surgido por la denuncia del escritor Ezio Gavazzeni y de los abogados Nicola Brigida y Guido Salvini.Fue el asedio m\u00e1s prolongado a una ciudad en la historia de la guerra moderna. Llevado a cabo por las fuerzas de la autoproclamada Rep\u00fablica Srpska y el Ej\u00e9rcito Popular Yugoslavo, dur\u00f3 desde el 5 de abril de 1992 al 29 de febrero de 1996.\u00a0<a href=\"https:\/\/www.clarin.com\/mundo\/sitio-sarajevo-safaris-muerte-denuncian-italia-viajes-disparar-civiles-brutal-asedio-capital-bosnia_0_jiKnpGNSEY.html\" target=\"_blank\" class=\"feedzy-rss-link-icon\">Read More<\/a><\/p>","protected":false},"excerpt":{"rendered":"<p>La investigaci\u00f3n de estos supuestos cr\u00edmenes est\u00e1 a cargo del fiscal milan\u00e9s Alessandro Gobbis y&#8230;<\/p>\n","protected":false},"author":1,"featured_media":49423,"comment_status":"open","ping_status":"open","sticky":false,"template":"","format":"standard","meta":{"footnotes":""},"categories":[4],"tags":[],"class_list":["post-49422","post","type-post","status-publish","format-standard","has-post-thumbnail","hentry","category-internacionales"],"_links":{"self":[{"href":"https:\/\/masquenoticiastucuman.com.ar\/index.php?rest_route=\/wp\/v2\/posts\/49422","targetHints":{"allow":["GET"]}}],"collection":[{"href":"https:\/\/masquenoticiastucuman.com.ar\/index.php?rest_route=\/wp\/v2\/posts"}],"about":[{"href":"https:\/\/masquenoticiastucuman.com.ar\/index.php?rest_route=\/wp\/v2\/types\/post"}],"author":[{"embeddable":true,"href":"https:\/\/masquenoticiastucuman.com.ar\/index.php?rest_route=\/wp\/v2\/users\/1"}],"replies":[{"embeddable":true,"href":"https:\/\/masquenoticiastucuman.com.ar\/index.php?rest_route=%2Fwp%2Fv2%2Fcomments&post=49422"}],"version-history":[{"count":0,"href":"https:\/\/masquenoticiastucuman.com.ar\/index.php?rest_route=\/wp\/v2\/posts\/49422\/revisions"}],"wp:featuredmedia":[{"embeddable":true,"href":"https:\/\/masquenoticiastucuman.com.ar\/index.php?rest_route=\/wp\/v2\/media\/49423"}],"wp:attachment":[{"href":"https:\/\/masquenoticiastucuman.com.ar\/index.php?rest_route=%2Fwp%2Fv2%2Fmedia&parent=49422"}],"wp:term":[{"taxonomy":"category","embeddable":true,"href":"https:\/\/masquenoticiastucuman.com.ar\/index.php?rest_route=%2Fwp%2Fv2%2Fcategories&post=49422"},{"taxonomy":"post_tag","embeddable":true,"href":"https:\/\/masquenoticiastucuman.com.ar\/index.php?rest_route=%2Fwp%2Fv2%2Ftags&post=49422"}],"curies":[{"name":"wp","href":"https:\/\/api.w.org\/{rel}","templated":true}]}}