{"id":49424,"date":"2025-11-11T17:00:17","date_gmt":"2025-11-11T20:00:17","guid":{"rendered":"http:\/\/masquenoticiastucuman.com.ar\/?p=49424"},"modified":"2025-11-11T17:00:17","modified_gmt":"2025-11-11T20:00:17","slug":"el-presidente-de-la-autoridad-palestina-se-reunio-en-paris-con-emmanuel-macron-y-reitero-hamas-no-tendra-rol-de-gobierno-y-debe-desarmarse","status":"publish","type":"post","link":"https:\/\/masquenoticiastucuman.com.ar\/?p=49424","title":{"rendered":"El presidente de la Autoridad Palestina se reuni\u00f3 en Par\u00eds con Emmanuel Macron y reiter\u00f3: &#8220;Hamas no tendr\u00e1 rol de gobierno y debe desarmarse&#8221;."},"content":{"rendered":"<ul>\n<li>Dos meses despu\u00e9s de que Francia reconociera al Estado de Palestina, el jefe de Estado franc\u00e9s recibi\u00f3 por primera vez este martes a Mahmoud Abbas, en el Palacio del El\u00edseo. <\/li>\n<li>La plena implementaci\u00f3n del acuerdo de alto el fuego en Gaza, vigente desde hace un mes, fue el tema central de las conversaciones.<\/li>\n<\/ul>\n<p>\u200bDos meses despu\u00e9s de que Francia reconociera al Estado de Palestina, el jefe de Estado franc\u00e9s recibi\u00f3 por primera vez este martes a Mahmoud Abbas, en el Palacio del El\u00edseo. La plena implementaci\u00f3n del acuerdo de alto el fuego en Gaza, vigente desde hace un mes, fue el tema central de las conversaciones.\u00a0<a href=\"https:\/\/www.clarin.com\/mundo\/presidente-autoridad-palestina-reunio-paris-emmanuel-macron-reitero-hamas-rol-gobierno-debe-desarmarse_0_cmFE4blTSn.html\" target=\"_blank\" class=\"feedzy-rss-link-icon\">Read More<\/a><\/p>","protected":false},"excerpt":{"rendered":"<p>Dos meses despu\u00e9s de que Francia reconociera al Estado de Palestina, el jefe de Estado&#8230;<\/p>\n","protected":false},"author":1,"featured_media":49425,"comment_status":"open","ping_status":"open","sticky":false,"template":"","format":"standard","meta":{"footnotes":""},"categories":[4],"tags":[],"class_list":["post-49424","post","type-post","status-publish","format-standard","has-post-thumbnail","hentry","category-internacionales"],"_links":{"self":[{"href":"https:\/\/masquenoticiastucuman.com.ar\/index.php?rest_route=\/wp\/v2\/posts\/49424","targetHints":{"allow":["GET"]}}],"collection":[{"href":"https:\/\/masquenoticiastucuman.com.ar\/index.php?rest_route=\/wp\/v2\/posts"}],"about":[{"href":"https:\/\/masquenoticiastucuman.com.ar\/index.php?rest_route=\/wp\/v2\/types\/post"}],"author":[{"embeddable":true,"href":"https:\/\/masquenoticiastucuman.com.ar\/index.php?rest_route=\/wp\/v2\/users\/1"}],"replies":[{"embeddable":true,"href":"https:\/\/masquenoticiastucuman.com.ar\/index.php?rest_route=%2Fwp%2Fv2%2Fcomments&post=49424"}],"version-history":[{"count":0,"href":"https:\/\/masquenoticiastucuman.com.ar\/index.php?rest_route=\/wp\/v2\/posts\/49424\/revisions"}],"wp:featuredmedia":[{"embeddable":true,"href":"https:\/\/masquenoticiastucuman.com.ar\/index.php?rest_route=\/wp\/v2\/media\/49425"}],"wp:attachment":[{"href":"https:\/\/masquenoticiastucuman.com.ar\/index.php?rest_route=%2Fwp%2Fv2%2Fmedia&parent=49424"}],"wp:term":[{"taxonomy":"category","embeddable":true,"href":"https:\/\/masquenoticiastucuman.com.ar\/index.php?rest_route=%2Fwp%2Fv2%2Fcategories&post=49424"},{"taxonomy":"post_tag","embeddable":true,"href":"https:\/\/masquenoticiastucuman.com.ar\/index.php?rest_route=%2Fwp%2Fv2%2Ftags&post=49424"}],"curies":[{"name":"wp","href":"https:\/\/api.w.org\/{rel}","templated":true}]}}