{"id":49427,"date":"2025-11-11T17:51:40","date_gmt":"2025-11-11T20:51:40","guid":{"rendered":"http:\/\/masquenoticiastucuman.com.ar\/?p=49427"},"modified":"2025-11-11T17:51:40","modified_gmt":"2025-11-11T20:51:40","slug":"kim-kardashian-y-naomi-watts-en-rio-de-janeiro-de-la-violencia-en-las-favelas-a-la-avant-premiere-hollywoodense","status":"publish","type":"post","link":"https:\/\/masquenoticiastucuman.com.ar\/?p=49427","title":{"rendered":"Kim Kardashian y Naomi Watts en R\u00edo de Janeiro: de la violencia en las favelas a la avant premiere hollywoodense"},"content":{"rendered":"<ul>\n<li>Las actrices, junto a sus compa\u00f1eras Sarah Paulson y Niecy Nash-Betts, presentaron ante la prensa internacional &#8220;Todo vale&#8221;, la serie que se ve en Disney + sobre un equipo de abogadas especializadas en divorcios.<\/li>\n<li>Kim agradeci\u00f3 los elogios y reconoci\u00f3 que la cr\u00edtica la trat\u00f3 mal.<\/li>\n<\/ul>\n<p>\u200bLas actrices, junto a sus compa\u00f1eras Sarah Paulson y Niecy Nash-Betts, presentaron ante la prensa internacional &#8220;Todo vale&#8221;, la serie que se ve en Disney + sobre un equipo de abogadas especializadas en divorcios.Kim agradeci\u00f3 los elogios y reconoci\u00f3 que la cr\u00edtica la trat\u00f3 mal.\u00a0<a href=\"https:\/\/www.clarin.com\/espectaculos\/kim-kardashian-naomi-watts-rio-janeiro-violencia-favelas-avant-premiere-hollywoodense_0_IoqFgqGo6j.html\" target=\"_blank\" class=\"feedzy-rss-link-icon\">Read More<\/a><\/p>","protected":false},"excerpt":{"rendered":"<p>Las actrices, junto a sus compa\u00f1eras Sarah Paulson y Niecy Nash-Betts, presentaron ante la prensa&#8230;<\/p>\n","protected":false},"author":1,"featured_media":49428,"comment_status":"open","ping_status":"open","sticky":false,"template":"","format":"standard","meta":{"footnotes":""},"categories":[5],"tags":[],"class_list":["post-49427","post","type-post","status-publish","format-standard","has-post-thumbnail","hentry","category-espectaculo"],"_links":{"self":[{"href":"https:\/\/masquenoticiastucuman.com.ar\/index.php?rest_route=\/wp\/v2\/posts\/49427","targetHints":{"allow":["GET"]}}],"collection":[{"href":"https:\/\/masquenoticiastucuman.com.ar\/index.php?rest_route=\/wp\/v2\/posts"}],"about":[{"href":"https:\/\/masquenoticiastucuman.com.ar\/index.php?rest_route=\/wp\/v2\/types\/post"}],"author":[{"embeddable":true,"href":"https:\/\/masquenoticiastucuman.com.ar\/index.php?rest_route=\/wp\/v2\/users\/1"}],"replies":[{"embeddable":true,"href":"https:\/\/masquenoticiastucuman.com.ar\/index.php?rest_route=%2Fwp%2Fv2%2Fcomments&post=49427"}],"version-history":[{"count":0,"href":"https:\/\/masquenoticiastucuman.com.ar\/index.php?rest_route=\/wp\/v2\/posts\/49427\/revisions"}],"wp:featuredmedia":[{"embeddable":true,"href":"https:\/\/masquenoticiastucuman.com.ar\/index.php?rest_route=\/wp\/v2\/media\/49428"}],"wp:attachment":[{"href":"https:\/\/masquenoticiastucuman.com.ar\/index.php?rest_route=%2Fwp%2Fv2%2Fmedia&parent=49427"}],"wp:term":[{"taxonomy":"category","embeddable":true,"href":"https:\/\/masquenoticiastucuman.com.ar\/index.php?rest_route=%2Fwp%2Fv2%2Fcategories&post=49427"},{"taxonomy":"post_tag","embeddable":true,"href":"https:\/\/masquenoticiastucuman.com.ar\/index.php?rest_route=%2Fwp%2Fv2%2Ftags&post=49427"}],"curies":[{"name":"wp","href":"https:\/\/api.w.org\/{rel}","templated":true}]}}