{"id":49433,"date":"2025-11-11T19:57:31","date_gmt":"2025-11-11T22:57:31","guid":{"rendered":"http:\/\/masquenoticiastucuman.com.ar\/?p=49433"},"modified":"2025-11-11T19:57:31","modified_gmt":"2025-11-11T22:57:31","slug":"interes-de-un-grupo-frances-por-la-privatizacion-de-intercargo","status":"publish","type":"post","link":"https:\/\/masquenoticiastucuman.com.ar\/?p=49433","title":{"rendered":"Inter\u00e9s de un grupo franc\u00e9s por la privatizaci\u00f3n de Intercargo"},"content":{"rendered":"<p>Se trata de Alyzia, que gestiona los servicios del aeropuerto Charles de Gaulle entre otras terminales aeroportuarias. Su due\u00f1o y presidente viaj\u00f3 a Buenos Aires como parte de una comitiva de empresarios galos. <\/p>\n<p>\u200bSe trata de Alyzia, que gestiona los servicios del aeropuerto Charles de Gaulle entre otras terminales aeroportuarias. Su due\u00f1o y presidente viaj\u00f3 a Buenos Aires como parte de una comitiva de empresarios galos.\u00a0<a href=\"https:\/\/www.clarin.com\/economia\/interes-grupo-frances-privatizacion-intercargo_0_7ZkWWu2N0j.html\" target=\"_blank\" class=\"feedzy-rss-link-icon\">Read More<\/a><\/p>","protected":false},"excerpt":{"rendered":"<p>Se trata de Alyzia, que gestiona los servicios del aeropuerto Charles de Gaulle entre otras&#8230;<\/p>\n","protected":false},"author":1,"featured_media":0,"comment_status":"open","ping_status":"open","sticky":false,"template":"","format":"standard","meta":{"footnotes":""},"categories":[3],"tags":[],"class_list":["post-49433","post","type-post","status-publish","format-standard","has-post-thumbnail","hentry","category-nacionales"],"_links":{"self":[{"href":"https:\/\/masquenoticiastucuman.com.ar\/index.php?rest_route=\/wp\/v2\/posts\/49433","targetHints":{"allow":["GET"]}}],"collection":[{"href":"https:\/\/masquenoticiastucuman.com.ar\/index.php?rest_route=\/wp\/v2\/posts"}],"about":[{"href":"https:\/\/masquenoticiastucuman.com.ar\/index.php?rest_route=\/wp\/v2\/types\/post"}],"author":[{"embeddable":true,"href":"https:\/\/masquenoticiastucuman.com.ar\/index.php?rest_route=\/wp\/v2\/users\/1"}],"replies":[{"embeddable":true,"href":"https:\/\/masquenoticiastucuman.com.ar\/index.php?rest_route=%2Fwp%2Fv2%2Fcomments&post=49433"}],"version-history":[{"count":0,"href":"https:\/\/masquenoticiastucuman.com.ar\/index.php?rest_route=\/wp\/v2\/posts\/49433\/revisions"}],"wp:attachment":[{"href":"https:\/\/masquenoticiastucuman.com.ar\/index.php?rest_route=%2Fwp%2Fv2%2Fmedia&parent=49433"}],"wp:term":[{"taxonomy":"category","embeddable":true,"href":"https:\/\/masquenoticiastucuman.com.ar\/index.php?rest_route=%2Fwp%2Fv2%2Fcategories&post=49433"},{"taxonomy":"post_tag","embeddable":true,"href":"https:\/\/masquenoticiastucuman.com.ar\/index.php?rest_route=%2Fwp%2Fv2%2Ftags&post=49433"}],"curies":[{"name":"wp","href":"https:\/\/api.w.org\/{rel}","templated":true}]}}