{"id":49436,"date":"2025-11-11T19:16:47","date_gmt":"2025-11-11T22:16:47","guid":{"rendered":"http:\/\/masquenoticiastucuman.com.ar\/?p=49436"},"modified":"2025-11-11T19:16:47","modified_gmt":"2025-11-11T22:16:47","slug":"river-y-un-panorama-que-puede-complicarle-la-vida-por-que-una-derrota-con-velez-podria-dejarlo-afuera-de-la-proxima-libertadores-y-hasta-de-los-playoffs","status":"publish","type":"post","link":"https:\/\/masquenoticiastucuman.com.ar\/?p=49436","title":{"rendered":"River y un panorama que puede complicarle la vida: \u00bfpor qu\u00e9 una derrota con V\u00e9lez podr\u00eda dejarlo\u00a0afuera de la pr\u00f3xima Libertadores y hasta de los playoffs?"},"content":{"rendered":"<ul>\n<li>La \u00faltima fecha resulta decisiva para el futuro del equipo de Marcelo Gallardo. <\/li>\n<li>Viene de perder el Supercl\u00e1sico ante Boca y solo gan\u00f3 dos de los \u00faltimos 10 encuentros.<\/li>\n<\/ul>\n<p>\u200bLa \u00faltima fecha resulta decisiva para el futuro del equipo de Marcelo Gallardo. Viene de perder el Supercl\u00e1sico ante Boca y solo gan\u00f3 dos de los \u00faltimos 10 encuentros.\u00a0<a href=\"https:\/\/www.clarin.com\/deportes\/river-panorama-puede-complicarle-vida-derrota-velez-podria-dejarlo-afuera-proxima-libertadores-playoffs_0_XzzZDLBRj2.html\" target=\"_blank\" class=\"feedzy-rss-link-icon\">Read More<\/a><\/p>","protected":false},"excerpt":{"rendered":"<p>La \u00faltima fecha resulta decisiva para el futuro del equipo de Marcelo Gallardo. Viene de&#8230;<\/p>\n","protected":false},"author":1,"featured_media":0,"comment_status":"open","ping_status":"open","sticky":false,"template":"","format":"standard","meta":{"footnotes":""},"categories":[6],"tags":[],"class_list":["post-49436","post","type-post","status-publish","format-standard","has-post-thumbnail","hentry","category-deportes"],"_links":{"self":[{"href":"https:\/\/masquenoticiastucuman.com.ar\/index.php?rest_route=\/wp\/v2\/posts\/49436","targetHints":{"allow":["GET"]}}],"collection":[{"href":"https:\/\/masquenoticiastucuman.com.ar\/index.php?rest_route=\/wp\/v2\/posts"}],"about":[{"href":"https:\/\/masquenoticiastucuman.com.ar\/index.php?rest_route=\/wp\/v2\/types\/post"}],"author":[{"embeddable":true,"href":"https:\/\/masquenoticiastucuman.com.ar\/index.php?rest_route=\/wp\/v2\/users\/1"}],"replies":[{"embeddable":true,"href":"https:\/\/masquenoticiastucuman.com.ar\/index.php?rest_route=%2Fwp%2Fv2%2Fcomments&post=49436"}],"version-history":[{"count":0,"href":"https:\/\/masquenoticiastucuman.com.ar\/index.php?rest_route=\/wp\/v2\/posts\/49436\/revisions"}],"wp:attachment":[{"href":"https:\/\/masquenoticiastucuman.com.ar\/index.php?rest_route=%2Fwp%2Fv2%2Fmedia&parent=49436"}],"wp:term":[{"taxonomy":"category","embeddable":true,"href":"https:\/\/masquenoticiastucuman.com.ar\/index.php?rest_route=%2Fwp%2Fv2%2Fcategories&post=49436"},{"taxonomy":"post_tag","embeddable":true,"href":"https:\/\/masquenoticiastucuman.com.ar\/index.php?rest_route=%2Fwp%2Fv2%2Ftags&post=49436"}],"curies":[{"name":"wp","href":"https:\/\/api.w.org\/{rel}","templated":true}]}}