{"id":49439,"date":"2025-11-11T20:00:19","date_gmt":"2025-11-11T23:00:19","guid":{"rendered":"http:\/\/masquenoticiastucuman.com.ar\/?p=49439"},"modified":"2025-11-11T20:00:19","modified_gmt":"2025-11-11T23:00:19","slug":"nicaragua-la-consolidacion-de-la-empresa-familiar-daniel-ortega-cumple-80-anos-y-delega-mas-poder-en-su-esposa-rosario-murillo-y-sus-hijos","status":"publish","type":"post","link":"https:\/\/masquenoticiastucuman.com.ar\/?p=49439","title":{"rendered":"Nicaragua, la consolidaci\u00f3n de la &#8220;empresa familiar&#8221;: Daniel Ortega cumple 80 a\u00f1os y delega m\u00e1s poder en su esposa Rosario Murillo y sus hijos"},"content":{"rendered":"<ul>\n<li>El hombre que ha ostentado m\u00e1s tiempo el poder en el pa\u00eds, 30 a\u00f1os, llega a su aniversario distanciado o enfrentado con los antiguos comandantes de la revoluci\u00f3n que a\u00fan sobreviven y con los que dirigi\u00f3 el primer Gobierno sandinista (1979-1990).<\/li>\n<li>Laureano, Daniel, Maurice y Camila forman parte de la dinast\u00eda y ocupan cargos en la estructura del gobierno. La sucesi\u00f3n, asegurada.<\/li>\n<\/ul>\n<p>\u200bEl hombre que ha ostentado m\u00e1s tiempo el poder en el pa\u00eds, 30 a\u00f1os, llega a su aniversario distanciado o enfrentado con los antiguos comandantes de la revoluci\u00f3n que a\u00fan sobreviven y con los que dirigi\u00f3 el primer Gobierno sandinista (1979-1990).Laureano, Daniel, Maurice y Camila forman parte de la dinast\u00eda y ocupan cargos en la estructura del gobierno. La sucesi\u00f3n, asegurada.\u00a0<a href=\"https:\/\/www.clarin.com\/mundo\/nicaragua-consolidacion-empresa-familiar-daniel-ortega-cumple-80-anos-delega-poder-esposa-rosario-murillo-hijos_0_uNdOphTBq8.html\" target=\"_blank\" class=\"feedzy-rss-link-icon\">Read More<\/a><\/p>","protected":false},"excerpt":{"rendered":"<p>El hombre que ha ostentado m\u00e1s tiempo el poder en el pa\u00eds, 30 a\u00f1os, llega&#8230;<\/p>\n","protected":false},"author":1,"featured_media":49440,"comment_status":"open","ping_status":"open","sticky":false,"template":"","format":"standard","meta":{"footnotes":""},"categories":[4],"tags":[],"class_list":["post-49439","post","type-post","status-publish","format-standard","has-post-thumbnail","hentry","category-internacionales"],"_links":{"self":[{"href":"https:\/\/masquenoticiastucuman.com.ar\/index.php?rest_route=\/wp\/v2\/posts\/49439","targetHints":{"allow":["GET"]}}],"collection":[{"href":"https:\/\/masquenoticiastucuman.com.ar\/index.php?rest_route=\/wp\/v2\/posts"}],"about":[{"href":"https:\/\/masquenoticiastucuman.com.ar\/index.php?rest_route=\/wp\/v2\/types\/post"}],"author":[{"embeddable":true,"href":"https:\/\/masquenoticiastucuman.com.ar\/index.php?rest_route=\/wp\/v2\/users\/1"}],"replies":[{"embeddable":true,"href":"https:\/\/masquenoticiastucuman.com.ar\/index.php?rest_route=%2Fwp%2Fv2%2Fcomments&post=49439"}],"version-history":[{"count":0,"href":"https:\/\/masquenoticiastucuman.com.ar\/index.php?rest_route=\/wp\/v2\/posts\/49439\/revisions"}],"wp:featuredmedia":[{"embeddable":true,"href":"https:\/\/masquenoticiastucuman.com.ar\/index.php?rest_route=\/wp\/v2\/media\/49440"}],"wp:attachment":[{"href":"https:\/\/masquenoticiastucuman.com.ar\/index.php?rest_route=%2Fwp%2Fv2%2Fmedia&parent=49439"}],"wp:term":[{"taxonomy":"category","embeddable":true,"href":"https:\/\/masquenoticiastucuman.com.ar\/index.php?rest_route=%2Fwp%2Fv2%2Fcategories&post=49439"},{"taxonomy":"post_tag","embeddable":true,"href":"https:\/\/masquenoticiastucuman.com.ar\/index.php?rest_route=%2Fwp%2Fv2%2Ftags&post=49439"}],"curies":[{"name":"wp","href":"https:\/\/api.w.org\/{rel}","templated":true}]}}