{"id":49441,"date":"2025-11-11T20:35:12","date_gmt":"2025-11-11T23:35:12","guid":{"rendered":"http:\/\/masquenoticiastucuman.com.ar\/?p=49441"},"modified":"2025-11-11T20:35:12","modified_gmt":"2025-11-11T23:35:12","slug":"el-gesto-de-franco-mastantuono-viajo-mas-de-tres-horas-pese-a-estar-lesionado-para-decir-presente-en-el-entrenamiento-de-la-seleccion-argentina","status":"publish","type":"post","link":"https:\/\/masquenoticiastucuman.com.ar\/?p=49441","title":{"rendered":"El gesto de Franco Mastantuono: viaj\u00f3 m\u00e1s de tres horas pese a estar lesionado para decir presente en el entrenamiento de la Selecci\u00f3n Argentina"},"content":{"rendered":"<ul>\n<li>Los dirigidos por Lionel Scaloni contin\u00faan con las sesiones de entrenamiento en Alicante, Espa\u00f1a, previo al amistoso contra Angola.<\/li>\n<li>El mediocampista del Real Madrid, que arrastra una pubalgia, no estuvo dentro de la convocatoria.<\/li>\n<\/ul>\n<p>\u200bLos dirigidos por Lionel Scaloni contin\u00faan con las sesiones de entrenamiento en Alicante, Espa\u00f1a, previo al amistoso contra Angola.El mediocampista del Real Madrid, que arrastra una pubalgia, no estuvo dentro de la convocatoria.\u00a0<a href=\"https:\/\/www.clarin.com\/deportes\/gesto-franco-mastantuono-viajo-horas-pese-lesionado-decir-presente-entrenamiento-seleccion-argentina_0_Gx6KbAelN6.html\" target=\"_blank\" class=\"feedzy-rss-link-icon\">Read More<\/a><\/p>","protected":false},"excerpt":{"rendered":"<p>Los dirigidos por Lionel Scaloni contin\u00faan con las sesiones de entrenamiento en Alicante, Espa\u00f1a, previo&#8230;<\/p>\n","protected":false},"author":1,"featured_media":0,"comment_status":"open","ping_status":"open","sticky":false,"template":"","format":"standard","meta":{"footnotes":""},"categories":[6],"tags":[],"class_list":["post-49441","post","type-post","status-publish","format-standard","has-post-thumbnail","hentry","category-deportes"],"_links":{"self":[{"href":"https:\/\/masquenoticiastucuman.com.ar\/index.php?rest_route=\/wp\/v2\/posts\/49441","targetHints":{"allow":["GET"]}}],"collection":[{"href":"https:\/\/masquenoticiastucuman.com.ar\/index.php?rest_route=\/wp\/v2\/posts"}],"about":[{"href":"https:\/\/masquenoticiastucuman.com.ar\/index.php?rest_route=\/wp\/v2\/types\/post"}],"author":[{"embeddable":true,"href":"https:\/\/masquenoticiastucuman.com.ar\/index.php?rest_route=\/wp\/v2\/users\/1"}],"replies":[{"embeddable":true,"href":"https:\/\/masquenoticiastucuman.com.ar\/index.php?rest_route=%2Fwp%2Fv2%2Fcomments&post=49441"}],"version-history":[{"count":0,"href":"https:\/\/masquenoticiastucuman.com.ar\/index.php?rest_route=\/wp\/v2\/posts\/49441\/revisions"}],"wp:attachment":[{"href":"https:\/\/masquenoticiastucuman.com.ar\/index.php?rest_route=%2Fwp%2Fv2%2Fmedia&parent=49441"}],"wp:term":[{"taxonomy":"category","embeddable":true,"href":"https:\/\/masquenoticiastucuman.com.ar\/index.php?rest_route=%2Fwp%2Fv2%2Fcategories&post=49441"},{"taxonomy":"post_tag","embeddable":true,"href":"https:\/\/masquenoticiastucuman.com.ar\/index.php?rest_route=%2Fwp%2Fv2%2Ftags&post=49441"}],"curies":[{"name":"wp","href":"https:\/\/api.w.org\/{rel}","templated":true}]}}