{"id":49442,"date":"2025-11-11T20:45:08","date_gmt":"2025-11-11T23:45:08","guid":{"rendered":"http:\/\/masquenoticiastucuman.com.ar\/?p=49442"},"modified":"2025-11-11T20:45:08","modified_gmt":"2025-11-11T23:45:08","slug":"johnny-depp-y-su-visita-a-la-argentina-todo-sobre-las-primeras-horas-del-actor-en-buenos-aires","status":"publish","type":"post","link":"https:\/\/masquenoticiastucuman.com.ar\/?p=49442","title":{"rendered":"Johnny Depp y su visita a la Argentina: todo sobre las primeras horas del actor en Buenos Aires"},"content":{"rendered":"<ul>\n<li>El \u00edcono del cine se encuentra en nuestro pa\u00eds en el marco de la presentaci\u00f3n de &#8220;Modigliani, tres d\u00edas en Montparnasse&#8221;, filme que dirigi\u00f3.<\/li>\n<li>Durante sus primeras horas ac\u00e1, se sent\u00f3 en el living de Ver\u00f3nica Lozano, se tom\u00f3 una foto con Wanda Nara y salud\u00f3 a sus fans de cerca.<\/li>\n<\/ul>\n<p>\u200bEl \u00edcono del cine se encuentra en nuestro pa\u00eds en el marco de la presentaci\u00f3n de &#8220;Modigliani, tres d\u00edas en Montparnasse&#8221;, filme que dirigi\u00f3.Durante sus primeras horas ac\u00e1, se sent\u00f3 en el living de Ver\u00f3nica Lozano, se tom\u00f3 una foto con Wanda Nara y salud\u00f3 a sus fans de cerca.\u00a0<a href=\"https:\/\/www.clarin.com\/espectaculos\/johnny-depp-visita-argentina-primeras-horas-actor-buenos-aires_0_OlF07pbF4c.html\" target=\"_blank\" class=\"feedzy-rss-link-icon\">Read More<\/a><\/p>","protected":false},"excerpt":{"rendered":"<p>El \u00edcono del cine se encuentra en nuestro pa\u00eds en el marco de la presentaci\u00f3n&#8230;<\/p>\n","protected":false},"author":1,"featured_media":49443,"comment_status":"open","ping_status":"open","sticky":false,"template":"","format":"standard","meta":{"footnotes":""},"categories":[5],"tags":[],"class_list":["post-49442","post","type-post","status-publish","format-standard","has-post-thumbnail","hentry","category-espectaculo"],"_links":{"self":[{"href":"https:\/\/masquenoticiastucuman.com.ar\/index.php?rest_route=\/wp\/v2\/posts\/49442","targetHints":{"allow":["GET"]}}],"collection":[{"href":"https:\/\/masquenoticiastucuman.com.ar\/index.php?rest_route=\/wp\/v2\/posts"}],"about":[{"href":"https:\/\/masquenoticiastucuman.com.ar\/index.php?rest_route=\/wp\/v2\/types\/post"}],"author":[{"embeddable":true,"href":"https:\/\/masquenoticiastucuman.com.ar\/index.php?rest_route=\/wp\/v2\/users\/1"}],"replies":[{"embeddable":true,"href":"https:\/\/masquenoticiastucuman.com.ar\/index.php?rest_route=%2Fwp%2Fv2%2Fcomments&post=49442"}],"version-history":[{"count":0,"href":"https:\/\/masquenoticiastucuman.com.ar\/index.php?rest_route=\/wp\/v2\/posts\/49442\/revisions"}],"wp:featuredmedia":[{"embeddable":true,"href":"https:\/\/masquenoticiastucuman.com.ar\/index.php?rest_route=\/wp\/v2\/media\/49443"}],"wp:attachment":[{"href":"https:\/\/masquenoticiastucuman.com.ar\/index.php?rest_route=%2Fwp%2Fv2%2Fmedia&parent=49442"}],"wp:term":[{"taxonomy":"category","embeddable":true,"href":"https:\/\/masquenoticiastucuman.com.ar\/index.php?rest_route=%2Fwp%2Fv2%2Fcategories&post=49442"},{"taxonomy":"post_tag","embeddable":true,"href":"https:\/\/masquenoticiastucuman.com.ar\/index.php?rest_route=%2Fwp%2Fv2%2Ftags&post=49442"}],"curies":[{"name":"wp","href":"https:\/\/api.w.org\/{rel}","templated":true}]}}