{"id":49448,"date":"2025-11-11T22:24:49","date_gmt":"2025-11-12T01:24:49","guid":{"rendered":"http:\/\/masquenoticiastucuman.com.ar\/?p=49448"},"modified":"2025-11-11T22:24:49","modified_gmt":"2025-11-12T01:24:49","slug":"premios-konex-a-la-musica-popular-2025-charly-garcia-recibio-en-persona-su-estatuilla-se-emociono-y-recordo-a-mercedes-sosa","status":"publish","type":"post","link":"https:\/\/masquenoticiastucuman.com.ar\/?p=49448","title":{"rendered":"Premios Konex a la M\u00fasica Popular 2025: Charly Garc\u00eda recibi\u00f3 en persona su estatuilla, se emocion\u00f3 y record\u00f3 a Mercedes Sosa"},"content":{"rendered":"<ul>\n<li>La Fundaci\u00f3n entrega este reconocimiento cada diez a\u00f1os y es una de las ceremonias m\u00e1s prestigiosas a la actividad musical.<\/li>\n<li>Tambi\u00e9n fueron Divididos, Babas\u00f3nicos y Abel Pintos, entre otras figuras.<\/li>\n<\/ul>\n<p>\u200bLa Fundaci\u00f3n entrega este reconocimiento cada diez a\u00f1os y es una de las ceremonias m\u00e1s prestigiosas a la actividad musical.Tambi\u00e9n fueron Divididos, Babas\u00f3nicos y Abel Pintos, entre otras figuras.\u00a0<a href=\"https:\/\/www.clarin.com\/espectaculos\/premios-konex-musica-popular-2025-charly-garcia-recibio-persona-estatuilla-emociono-recordo-mercedes-sosa_0_C2dYyAe0ln.html\" target=\"_blank\" class=\"feedzy-rss-link-icon\">Read More<\/a><\/p>","protected":false},"excerpt":{"rendered":"<p>La Fundaci\u00f3n entrega este reconocimiento cada diez a\u00f1os y es una de las ceremonias m\u00e1s&#8230;<\/p>\n","protected":false},"author":1,"featured_media":49449,"comment_status":"open","ping_status":"open","sticky":false,"template":"","format":"standard","meta":{"footnotes":""},"categories":[5],"tags":[],"class_list":["post-49448","post","type-post","status-publish","format-standard","has-post-thumbnail","hentry","category-espectaculo"],"_links":{"self":[{"href":"https:\/\/masquenoticiastucuman.com.ar\/index.php?rest_route=\/wp\/v2\/posts\/49448","targetHints":{"allow":["GET"]}}],"collection":[{"href":"https:\/\/masquenoticiastucuman.com.ar\/index.php?rest_route=\/wp\/v2\/posts"}],"about":[{"href":"https:\/\/masquenoticiastucuman.com.ar\/index.php?rest_route=\/wp\/v2\/types\/post"}],"author":[{"embeddable":true,"href":"https:\/\/masquenoticiastucuman.com.ar\/index.php?rest_route=\/wp\/v2\/users\/1"}],"replies":[{"embeddable":true,"href":"https:\/\/masquenoticiastucuman.com.ar\/index.php?rest_route=%2Fwp%2Fv2%2Fcomments&post=49448"}],"version-history":[{"count":0,"href":"https:\/\/masquenoticiastucuman.com.ar\/index.php?rest_route=\/wp\/v2\/posts\/49448\/revisions"}],"wp:featuredmedia":[{"embeddable":true,"href":"https:\/\/masquenoticiastucuman.com.ar\/index.php?rest_route=\/wp\/v2\/media\/49449"}],"wp:attachment":[{"href":"https:\/\/masquenoticiastucuman.com.ar\/index.php?rest_route=%2Fwp%2Fv2%2Fmedia&parent=49448"}],"wp:term":[{"taxonomy":"category","embeddable":true,"href":"https:\/\/masquenoticiastucuman.com.ar\/index.php?rest_route=%2Fwp%2Fv2%2Fcategories&post=49448"},{"taxonomy":"post_tag","embeddable":true,"href":"https:\/\/masquenoticiastucuman.com.ar\/index.php?rest_route=%2Fwp%2Fv2%2Ftags&post=49448"}],"curies":[{"name":"wp","href":"https:\/\/api.w.org\/{rel}","templated":true}]}}