{"id":49461,"date":"2025-11-11T18:19:00","date_gmt":"2025-11-11T21:19:00","guid":{"rendered":"http:\/\/masquenoticiastucuman.com.ar\/?p=49461"},"modified":"2025-11-11T18:19:00","modified_gmt":"2025-11-11T21:19:00","slug":"fotos-mejores-con-ia-seis-nuevas-funciones-con-inteligencia-artificial-en-google-fotos","status":"publish","type":"post","link":"https:\/\/masquenoticiastucuman.com.ar\/?p=49461","title":{"rendered":"Fotos mejores con IA: seis nuevas funciones con Inteligencia Artificial en Google Fotos"},"content":{"rendered":"<p>El gigante de la tecnolog\u00eda lanz\u00f3 una actualizaci\u00f3n para su funci\u00f3n de fotos, donde con la ayuda de la IA se pueden lograr mejoras instant\u00e1neas<\/p>\n<p>                                                                <!-- Begin comScore Tag --><\/p>\n<p>                                    <img decoding=\"async\" src=\"https:\/\/sb.scorecardresearch.com\/p?c1=2&amp;c2=16597048&amp;cv=3.6.0&amp;cj=1\" \/><\/p>\n<p>                                <!-- End comScore Tag --><\/p>\n<p>                            \u200bEl gigante de la tecnolog\u00eda lanz\u00f3 una actualizaci\u00f3n para su funci\u00f3n de fotos, donde con la ayuda de la IA se pueden lograr mejoras instant\u00e1neas\u00a0<a href=\"https:\/\/www.iprofesional.com\/tecnologia\/441676-fotos-mejores-con-ia-seis-nuevas-funciones-con-inteligencia-artificial-en-google-fotos\" target=\"_blank\" class=\"feedzy-rss-link-icon\">Read More<\/a><\/p>","protected":false},"excerpt":{"rendered":"<p>El gigante de la tecnolog\u00eda lanz\u00f3 una actualizaci\u00f3n para su funci\u00f3n de fotos, donde con&#8230;<\/p>\n","protected":false},"author":1,"featured_media":0,"comment_status":"open","ping_status":"open","sticky":false,"template":"","format":"standard","meta":{"footnotes":""},"categories":[8],"tags":[],"class_list":["post-49461","post","type-post","status-publish","format-standard","has-post-thumbnail","hentry","category-tecnologia"],"_links":{"self":[{"href":"https:\/\/masquenoticiastucuman.com.ar\/index.php?rest_route=\/wp\/v2\/posts\/49461","targetHints":{"allow":["GET"]}}],"collection":[{"href":"https:\/\/masquenoticiastucuman.com.ar\/index.php?rest_route=\/wp\/v2\/posts"}],"about":[{"href":"https:\/\/masquenoticiastucuman.com.ar\/index.php?rest_route=\/wp\/v2\/types\/post"}],"author":[{"embeddable":true,"href":"https:\/\/masquenoticiastucuman.com.ar\/index.php?rest_route=\/wp\/v2\/users\/1"}],"replies":[{"embeddable":true,"href":"https:\/\/masquenoticiastucuman.com.ar\/index.php?rest_route=%2Fwp%2Fv2%2Fcomments&post=49461"}],"version-history":[{"count":0,"href":"https:\/\/masquenoticiastucuman.com.ar\/index.php?rest_route=\/wp\/v2\/posts\/49461\/revisions"}],"wp:attachment":[{"href":"https:\/\/masquenoticiastucuman.com.ar\/index.php?rest_route=%2Fwp%2Fv2%2Fmedia&parent=49461"}],"wp:term":[{"taxonomy":"category","embeddable":true,"href":"https:\/\/masquenoticiastucuman.com.ar\/index.php?rest_route=%2Fwp%2Fv2%2Fcategories&post=49461"},{"taxonomy":"post_tag","embeddable":true,"href":"https:\/\/masquenoticiastucuman.com.ar\/index.php?rest_route=%2Fwp%2Fv2%2Ftags&post=49461"}],"curies":[{"name":"wp","href":"https:\/\/api.w.org\/{rel}","templated":true}]}}