{"id":49645,"date":"2025-11-13T23:30:42","date_gmt":"2025-11-14T02:30:42","guid":{"rendered":"http:\/\/masquenoticiastucuman.com.ar\/?p=49645"},"modified":"2025-11-13T23:30:42","modified_gmt":"2025-11-14T02:30:42","slug":"argentina-vs-angola-hoy-en-vivo-hora-y-donde-ver-este-viernes-14-de-noviembre-el-amistoso-internacional-en-luanda","status":"publish","type":"post","link":"https:\/\/masquenoticiastucuman.com.ar\/?p=49645","title":{"rendered":"Argentina vs Angola HOY, EN VIVO: hora y d\u00f3nde ver este viernes 14 de noviembre el amistoso internacional en Luanda"},"content":{"rendered":"<ul>\n<li>La Selecci\u00f3n entren\u00f3 en Espa\u00f1a y viaj\u00f3 a la capital del pa\u00eds africano.<\/li>\n<li>Los de Lionel Scaloni cierran su a\u00f1o deportivo antes de defender la tercera estrella en 2026.<\/li>\n<\/ul>\n<p>\u200bLa Selecci\u00f3n entren\u00f3 en Espa\u00f1a y viaj\u00f3 a la capital del pa\u00eds africano.Los de Lionel Scaloni cierran su a\u00f1o deportivo antes de defender la tercera estrella en 2026.\u00a0<a href=\"https:\/\/www.clarin.com\/deportes\/argentina-vs-angola-hoy-vivo-hora-ver-viernes-14-noviembre-amistoso-internacional-luanda_0_S9CUgb9RjT.html\" target=\"_blank\" class=\"feedzy-rss-link-icon\">Read More<\/a><\/p>","protected":false},"excerpt":{"rendered":"<p>La Selecci\u00f3n entren\u00f3 en Espa\u00f1a y viaj\u00f3 a la capital del pa\u00eds africano. Los de&#8230;<\/p>\n","protected":false},"author":1,"featured_media":0,"comment_status":"open","ping_status":"open","sticky":false,"template":"","format":"standard","meta":{"footnotes":""},"categories":[6],"tags":[],"class_list":["post-49645","post","type-post","status-publish","format-standard","has-post-thumbnail","hentry","category-deportes"],"_links":{"self":[{"href":"https:\/\/masquenoticiastucuman.com.ar\/index.php?rest_route=\/wp\/v2\/posts\/49645","targetHints":{"allow":["GET"]}}],"collection":[{"href":"https:\/\/masquenoticiastucuman.com.ar\/index.php?rest_route=\/wp\/v2\/posts"}],"about":[{"href":"https:\/\/masquenoticiastucuman.com.ar\/index.php?rest_route=\/wp\/v2\/types\/post"}],"author":[{"embeddable":true,"href":"https:\/\/masquenoticiastucuman.com.ar\/index.php?rest_route=\/wp\/v2\/users\/1"}],"replies":[{"embeddable":true,"href":"https:\/\/masquenoticiastucuman.com.ar\/index.php?rest_route=%2Fwp%2Fv2%2Fcomments&post=49645"}],"version-history":[{"count":0,"href":"https:\/\/masquenoticiastucuman.com.ar\/index.php?rest_route=\/wp\/v2\/posts\/49645\/revisions"}],"wp:attachment":[{"href":"https:\/\/masquenoticiastucuman.com.ar\/index.php?rest_route=%2Fwp%2Fv2%2Fmedia&parent=49645"}],"wp:term":[{"taxonomy":"category","embeddable":true,"href":"https:\/\/masquenoticiastucuman.com.ar\/index.php?rest_route=%2Fwp%2Fv2%2Fcategories&post=49645"},{"taxonomy":"post_tag","embeddable":true,"href":"https:\/\/masquenoticiastucuman.com.ar\/index.php?rest_route=%2Fwp%2Fv2%2Ftags&post=49645"}],"curies":[{"name":"wp","href":"https:\/\/api.w.org\/{rel}","templated":true}]}}