{"id":49658,"date":"2025-11-14T06:00:51","date_gmt":"2025-11-14T09:00:51","guid":{"rendered":"http:\/\/masquenoticiastucuman.com.ar\/?p=49658"},"modified":"2025-11-14T06:00:51","modified_gmt":"2025-11-14T09:00:51","slug":"copa-billie-jean-king-ahora-si-la-argentina-esta-para-dar-el-gran-salto","status":"publish","type":"post","link":"https:\/\/masquenoticiastucuman.com.ar\/?p=49658","title":{"rendered":"Copa Billie Jean King: ahora s\u00ed la Argentina est\u00e1 para dar el gran salto"},"content":{"rendered":"<ul>\n<li>El equipo que conduce Mercedes Paz est\u00e1 de nuevo est\u00e1 ante la gran posibilidad de acceder a los Qualifiers de 2026 y no volver a jugar en la zona americana.<\/li>\n<li>Solana Sierra, Mar\u00eda Lourdes Carl\u00e9, Julia Riera, Jazm\u00edn Ortenzi y Luisina Giovannini fueron las elegidas por la capitana para integrar el equipo.<\/li>\n<\/ul>\n<p>\u200bEl equipo que conduce Mercedes Paz est\u00e1 de nuevo est\u00e1 ante la gran posibilidad de acceder a los Qualifiers de 2026 y no volver a jugar en la zona americana.Solana Sierra, Mar\u00eda Lourdes Carl\u00e9, Julia Riera, Jazm\u00edn Ortenzi y Luisina Giovannini fueron las elegidas por la capitana para integrar el equipo.\u00a0<a href=\"https:\/\/www.clarin.com\/deportes\/copa-billie-jean-king-ahora-argentina-dar-gran-salto_0_E3tOG0jAIg.html\" target=\"_blank\" class=\"feedzy-rss-link-icon\">Read More<\/a><\/p>","protected":false},"excerpt":{"rendered":"<p>El equipo que conduce Mercedes Paz est\u00e1 de nuevo est\u00e1 ante la gran posibilidad de&#8230;<\/p>\n","protected":false},"author":1,"featured_media":0,"comment_status":"open","ping_status":"open","sticky":false,"template":"","format":"standard","meta":{"footnotes":""},"categories":[6],"tags":[],"class_list":["post-49658","post","type-post","status-publish","format-standard","has-post-thumbnail","hentry","category-deportes"],"_links":{"self":[{"href":"https:\/\/masquenoticiastucuman.com.ar\/index.php?rest_route=\/wp\/v2\/posts\/49658","targetHints":{"allow":["GET"]}}],"collection":[{"href":"https:\/\/masquenoticiastucuman.com.ar\/index.php?rest_route=\/wp\/v2\/posts"}],"about":[{"href":"https:\/\/masquenoticiastucuman.com.ar\/index.php?rest_route=\/wp\/v2\/types\/post"}],"author":[{"embeddable":true,"href":"https:\/\/masquenoticiastucuman.com.ar\/index.php?rest_route=\/wp\/v2\/users\/1"}],"replies":[{"embeddable":true,"href":"https:\/\/masquenoticiastucuman.com.ar\/index.php?rest_route=%2Fwp%2Fv2%2Fcomments&post=49658"}],"version-history":[{"count":0,"href":"https:\/\/masquenoticiastucuman.com.ar\/index.php?rest_route=\/wp\/v2\/posts\/49658\/revisions"}],"wp:attachment":[{"href":"https:\/\/masquenoticiastucuman.com.ar\/index.php?rest_route=%2Fwp%2Fv2%2Fmedia&parent=49658"}],"wp:term":[{"taxonomy":"category","embeddable":true,"href":"https:\/\/masquenoticiastucuman.com.ar\/index.php?rest_route=%2Fwp%2Fv2%2Fcategories&post=49658"},{"taxonomy":"post_tag","embeddable":true,"href":"https:\/\/masquenoticiastucuman.com.ar\/index.php?rest_route=%2Fwp%2Fv2%2Ftags&post=49658"}],"curies":[{"name":"wp","href":"https:\/\/api.w.org\/{rel}","templated":true}]}}