{"id":49659,"date":"2025-11-14T06:00:51","date_gmt":"2025-11-14T09:00:51","guid":{"rendered":"http:\/\/masquenoticiastucuman.com.ar\/?p=49659"},"modified":"2025-11-14T06:00:51","modified_gmt":"2025-11-14T09:00:51","slug":"argentina-vs-mexico-por-el-mundial-sub-17-hoy-en-vivo-hora-y-donde-ver-este-viernes-14-de-noviembre","status":"publish","type":"post","link":"https:\/\/masquenoticiastucuman.com.ar\/?p=49659","title":{"rendered":"Argentina vs M\u00e9xico, por el Mundial Sub 17, HOY, EN VIVO: hora y d\u00f3nde ver este viernes 14 de noviembre"},"content":{"rendered":"<ul>\n<li>La Albiceleste inicia la fase de eliminaci\u00f3n directa en Qatar.<\/li>\n<li>El equipo de Diego Placente, en caso de avanzar, enfrentar\u00eda al ganador de Portugal y B\u00e9lgica.<\/li>\n<\/ul>\n<p>\u200bLa Albiceleste inicia la fase de eliminaci\u00f3n directa en Qatar.El equipo de Diego Placente, en caso de avanzar, enfrentar\u00eda al ganador de Portugal y B\u00e9lgica.\u00a0<a href=\"https:\/\/www.clarin.com\/deportes\/argentina-vs-mexico-mundial-sub-17-hoy-vivo-hora-ver-viernes-14-noviembre_0_PN3wkZ93Mw.html\" target=\"_blank\" class=\"feedzy-rss-link-icon\">Read More<\/a><\/p>","protected":false},"excerpt":{"rendered":"<p>La Albiceleste inicia la fase de eliminaci\u00f3n directa en Qatar. El equipo de Diego Placente,&#8230;<\/p>\n","protected":false},"author":1,"featured_media":0,"comment_status":"open","ping_status":"open","sticky":false,"template":"","format":"standard","meta":{"footnotes":""},"categories":[6],"tags":[],"class_list":["post-49659","post","type-post","status-publish","format-standard","has-post-thumbnail","hentry","category-deportes"],"_links":{"self":[{"href":"https:\/\/masquenoticiastucuman.com.ar\/index.php?rest_route=\/wp\/v2\/posts\/49659","targetHints":{"allow":["GET"]}}],"collection":[{"href":"https:\/\/masquenoticiastucuman.com.ar\/index.php?rest_route=\/wp\/v2\/posts"}],"about":[{"href":"https:\/\/masquenoticiastucuman.com.ar\/index.php?rest_route=\/wp\/v2\/types\/post"}],"author":[{"embeddable":true,"href":"https:\/\/masquenoticiastucuman.com.ar\/index.php?rest_route=\/wp\/v2\/users\/1"}],"replies":[{"embeddable":true,"href":"https:\/\/masquenoticiastucuman.com.ar\/index.php?rest_route=%2Fwp%2Fv2%2Fcomments&post=49659"}],"version-history":[{"count":0,"href":"https:\/\/masquenoticiastucuman.com.ar\/index.php?rest_route=\/wp\/v2\/posts\/49659\/revisions"}],"wp:attachment":[{"href":"https:\/\/masquenoticiastucuman.com.ar\/index.php?rest_route=%2Fwp%2Fv2%2Fmedia&parent=49659"}],"wp:term":[{"taxonomy":"category","embeddable":true,"href":"https:\/\/masquenoticiastucuman.com.ar\/index.php?rest_route=%2Fwp%2Fv2%2Fcategories&post=49659"},{"taxonomy":"post_tag","embeddable":true,"href":"https:\/\/masquenoticiastucuman.com.ar\/index.php?rest_route=%2Fwp%2Fv2%2Ftags&post=49659"}],"curies":[{"name":"wp","href":"https:\/\/api.w.org\/{rel}","templated":true}]}}