{"id":49665,"date":"2025-11-14T07:38:01","date_gmt":"2025-11-14T10:38:01","guid":{"rendered":"https:\/\/masquenoticiastucuman.com.ar\/?p=49665"},"modified":"2025-11-14T07:38:02","modified_gmt":"2025-11-14T10:38:02","slug":"jaldo-se-reunio-con-el-ministro-del-interior-para-avanzar-en-acuerdos-entre-tucuman-y-la-nacion","status":"publish","type":"post","link":"https:\/\/masquenoticiastucuman.com.ar\/?p=49665","title":{"rendered":"Jaldo se reuni\u00f3 con el ministro del Interior para avanzar en acuerdos entre Tucum\u00e1n y la Naci\u00f3n"},"content":{"rendered":"\n<p>Con Santilli, el mandatario tucumano destac\u00f3 la importancia del di\u00e1logo como camino para impulsar el desarrollo del pa\u00eds.<\/p>\n\n\n\n<p id=\"isPasted\">El gobernador&nbsp;<strong>Osvaldo Jaldo&nbsp;<\/strong>mantuvo este jueves por la tarde una reuni\u00f3n con el ministro del Interior de la Naci\u00f3n,&nbsp;<strong>Diego Santilli,&nbsp;<\/strong>en las oficinas de la cartera nacional en Buenos Aires.<\/p>\n\n\n\n<p>El encuentro tuvo como eje principal el fortalecimiento del di\u00e1logo entre la Naci\u00f3n y las provincias, y la revisi\u00f3n de los compromisos asumidos entre ambos gobiernos.<\/p>\n\n\n\n<p>\u201cFue una reuni\u00f3n muy productiva. Destacamos esta decisi\u00f3n del Presidente, a trav\u00e9s del ministro (del Interior) Santilli del di\u00e1logo y apertura. Esto nos va a llevar a ayudar a sacar adelante a nuestra Argentina como as\u00ed tambi\u00e9n potenciar a cada una de las provincias . Por eso nosotros desde Tucum\u00e1n planteamos nuestra agenda, y de la misma manera en que la Provincia mostr\u00f3 predisposici\u00f3n para acompa\u00f1ar al Gobierno Nacional, tambi\u00e9n vemos la misma predisposici\u00f3n de la Naci\u00f3n &nbsp;a las provincias para el di\u00e1logo y la atenci\u00f3n de las agendas provinciales&#8221;, afirm\u00f3 Jaldo.<\/p>\n\n\n\n<p>Mientras tanto, desde el ministerio del Interior agregaron que durante la reuni\u00f3n &nbsp;&#8220;Santilli, y el gobernador de la provincia de Tucum\u00e1n, Osvaldo Jaldo, dialogaron sobre la importancia de aprobar la Ley de Presupuesto 2026, que garantiza el equilibrio fiscal, y avanzar en la reforma tributaria, la modernizaci\u00f3n laboral y el nuevo C\u00f3digo Penal, fundamentales para fomentar la inversi\u00f3n y el trabajo&#8221;.<\/p>\n\n\n\n<p>En ese sentido, a\u00f1adieron que &#8220;este intercambio es parte de esta nueva etapa de gobierno que tiene como objetivo trabajar con todos los gobernadores, escuchar sus agendas y propuestas de trabajo y tambi\u00e9n dialogar con el Congreso Nacional para impulsar las reformas que se necesitan. Adem\u00e1s, ambos destacaron la importancia del trabajo conjunto y rec\u00edproco entre las provincias y la Naci\u00f3n&#8221;.<\/p>\n","protected":false},"excerpt":{"rendered":"<p>Con Santilli, el mandatario tucumano destac\u00f3 la importancia del di\u00e1logo como camino para impulsar el&#8230;<\/p>\n","protected":false},"author":2,"featured_media":49666,"comment_status":"open","ping_status":"open","sticky":false,"template":"","format":"standard","meta":{"footnotes":""},"categories":[2],"tags":[],"class_list":["post-49665","post","type-post","status-publish","format-standard","has-post-thumbnail","hentry","category-locales"],"_links":{"self":[{"href":"https:\/\/masquenoticiastucuman.com.ar\/index.php?rest_route=\/wp\/v2\/posts\/49665","targetHints":{"allow":["GET"]}}],"collection":[{"href":"https:\/\/masquenoticiastucuman.com.ar\/index.php?rest_route=\/wp\/v2\/posts"}],"about":[{"href":"https:\/\/masquenoticiastucuman.com.ar\/index.php?rest_route=\/wp\/v2\/types\/post"}],"author":[{"embeddable":true,"href":"https:\/\/masquenoticiastucuman.com.ar\/index.php?rest_route=\/wp\/v2\/users\/2"}],"replies":[{"embeddable":true,"href":"https:\/\/masquenoticiastucuman.com.ar\/index.php?rest_route=%2Fwp%2Fv2%2Fcomments&post=49665"}],"version-history":[{"count":1,"href":"https:\/\/masquenoticiastucuman.com.ar\/index.php?rest_route=\/wp\/v2\/posts\/49665\/revisions"}],"predecessor-version":[{"id":49667,"href":"https:\/\/masquenoticiastucuman.com.ar\/index.php?rest_route=\/wp\/v2\/posts\/49665\/revisions\/49667"}],"wp:featuredmedia":[{"embeddable":true,"href":"https:\/\/masquenoticiastucuman.com.ar\/index.php?rest_route=\/wp\/v2\/media\/49666"}],"wp:attachment":[{"href":"https:\/\/masquenoticiastucuman.com.ar\/index.php?rest_route=%2Fwp%2Fv2%2Fmedia&parent=49665"}],"wp:term":[{"taxonomy":"category","embeddable":true,"href":"https:\/\/masquenoticiastucuman.com.ar\/index.php?rest_route=%2Fwp%2Fv2%2Fcategories&post=49665"},{"taxonomy":"post_tag","embeddable":true,"href":"https:\/\/masquenoticiastucuman.com.ar\/index.php?rest_route=%2Fwp%2Fv2%2Ftags&post=49665"}],"curies":[{"name":"wp","href":"https:\/\/api.w.org\/{rel}","templated":true}]}}