{"id":49668,"date":"2025-11-14T08:22:44","date_gmt":"2025-11-14T11:22:44","guid":{"rendered":"https:\/\/masquenoticiastucuman.com.ar\/?p=49668"},"modified":"2025-11-14T08:22:45","modified_gmt":"2025-11-14T11:22:45","slug":"empresarios-pidieron-al-concejo-que-el-boleto-en-san-miguel-de-tucuman-cueste-1-500","status":"publish","type":"post","link":"https:\/\/masquenoticiastucuman.com.ar\/?p=49668","title":{"rendered":"Empresarios pidieron al Concejo que el boleto en San Miguel de Tucum\u00e1n cueste $1.500"},"content":{"rendered":"\n<p>La Asociaci\u00f3n de Empresarios del Transporte Automotor (Aetat) formaliz\u00f3 ante el Concejo Deliberante el pedido de actualizaci\u00f3n tarifaria. Si bien el estudio de costos arroja un valor superior a $2.000, el sector aceptar\u00eda una cifra intermedia<\/p>\n\n\n\n<p><strong>El procedimiento para habilitar un nuevo aumento en el boleto urbano de San Miguel de Tucum\u00e1n comenz\u00f3 este mediod\u00eda, tras la presentaci\u00f3n del pedido y el estudio de costos por parte de la Asociaci\u00f3n de Empresarios del Transporte Automotor (Aetat) ante el Concejo Deliberante de la capital.<\/strong><\/p>\n\n\n\n<p>El expediente, ingresado por Mesa de Entradas,&nbsp;<strong>plantea que el valor del pasaje inicial deber\u00eda ser de $2.005,84, aunque los empresarios admiten que, por tratarse de una cifra elevada, aceptar\u00edan que el precio se fije en torno a los $1.500.<\/strong><\/p>\n\n\n\n<p><em>\u201cEn nombre y representaci\u00f3n de las empresas de transporte de pasajeros de San Miguel de Tucum\u00e1n, nos dirigimos a usted y por su intermedio a los dem\u00e1s miembros del cuerpo que preside a fin de elevar estudio de costos del sector con valores actualizados a la fecha y considerando el reciente aporte del Departamento Ejecutivo Municipal, acordado mediante acta del 7 del corriente, que adjuntamos a la presente\u201d<\/em>, se\u00f1ala la nota firmada por&nbsp;<strong>Daniel Orel y C\u00e9sar Atim.<\/strong><\/p>\n\n\n\n<p>En el texto, los representantes de Aetat recordaron que el acta acuerdo firmada entre el municipio y la UTA fue&nbsp;<em>\u201cun principio de soluci\u00f3n a tan controvertida y compleja problem\u00e1tica\u201d<\/em>, aunque remarcaron que a\u00fan estaba pendiente la actualizaci\u00f3n del valor del boleto.<\/p>\n\n\n\n<p><em>\u201cEl estudio de costos arroja un valor de $2.005,84 para el costo del pasaje, considerando los distintos insumos y cargas de la actividad. Si bien ese es el monto que debiera tener el boleto para mantener un servicio como el que reclama la ciudadan\u00eda, consideramos que, dado el momento econ\u00f3mico actual y la situaci\u00f3n de angustia de los usuarios, nos allanar\u00edamos a que se fije un precio similar al de otras ciudades del interior, como C\u00f3rdoba, Rosario o Santa Fe; es decir, en el orden de los $1.500\u201d<\/em>, concluye el documento.<\/p>\n\n\n\n<p>Si bien esos son los valores planteados por Aetat,<strong>&nbsp;en los pasillos del Concejo y del municipio se menciona un aumento del 30% sobre la tarifa vigente desde septiembre de 2024. De aprobarse ese porcentaje, el boleto urbano pasar\u00eda de su valor actual a $1.250.<\/strong><\/p>\n\n\n\n<p>En comparaci\u00f3n,<strong>&nbsp;C\u00f3rdoba tiene hoy un pasaje urbano de $1.580.<\/strong><\/p>\n\n\n\n<p>Adem\u00e1s, Aetat pidi\u00f3 que el municipio implemente otras medidas de recuperaci\u00f3n econ\u00f3mica para las empresas prestatarias, como un sistema de compensaci\u00f3n por kil\u00f3metros recorridos y mayor control sobre el transporte informal.<\/p>\n\n\n\n<p><em>\u201cPonemos especial \u00e9nfasis en la regulaci\u00f3n y el control del transporte denominado Moto UBER, a todas luces ilegal, irregular y sobre todo precario, inseguro e impensado en cualquier ciudad del mundo con un m\u00ednimo ordenamiento\u201d<\/em>, remarcaron los empresarios.<\/p>\n\n\n\n<p>A partir de la presentaci\u00f3n, el Concejo Deliberante activar\u00e1 las comisiones competentes para analizar la viabilidad del incremento solicitado y definir el nuevo cuadro tarifario del transporte p\u00fablico en la capital.<\/p>\n","protected":false},"excerpt":{"rendered":"<p>La Asociaci\u00f3n de Empresarios del Transporte Automotor (Aetat) formaliz\u00f3 ante el Concejo Deliberante el pedido&#8230;<\/p>\n","protected":false},"author":2,"featured_media":49669,"comment_status":"open","ping_status":"open","sticky":false,"template":"","format":"standard","meta":{"footnotes":""},"categories":[2],"tags":[],"class_list":["post-49668","post","type-post","status-publish","format-standard","has-post-thumbnail","hentry","category-locales"],"_links":{"self":[{"href":"https:\/\/masquenoticiastucuman.com.ar\/index.php?rest_route=\/wp\/v2\/posts\/49668","targetHints":{"allow":["GET"]}}],"collection":[{"href":"https:\/\/masquenoticiastucuman.com.ar\/index.php?rest_route=\/wp\/v2\/posts"}],"about":[{"href":"https:\/\/masquenoticiastucuman.com.ar\/index.php?rest_route=\/wp\/v2\/types\/post"}],"author":[{"embeddable":true,"href":"https:\/\/masquenoticiastucuman.com.ar\/index.php?rest_route=\/wp\/v2\/users\/2"}],"replies":[{"embeddable":true,"href":"https:\/\/masquenoticiastucuman.com.ar\/index.php?rest_route=%2Fwp%2Fv2%2Fcomments&post=49668"}],"version-history":[{"count":1,"href":"https:\/\/masquenoticiastucuman.com.ar\/index.php?rest_route=\/wp\/v2\/posts\/49668\/revisions"}],"predecessor-version":[{"id":49670,"href":"https:\/\/masquenoticiastucuman.com.ar\/index.php?rest_route=\/wp\/v2\/posts\/49668\/revisions\/49670"}],"wp:featuredmedia":[{"embeddable":true,"href":"https:\/\/masquenoticiastucuman.com.ar\/index.php?rest_route=\/wp\/v2\/media\/49669"}],"wp:attachment":[{"href":"https:\/\/masquenoticiastucuman.com.ar\/index.php?rest_route=%2Fwp%2Fv2%2Fmedia&parent=49668"}],"wp:term":[{"taxonomy":"category","embeddable":true,"href":"https:\/\/masquenoticiastucuman.com.ar\/index.php?rest_route=%2Fwp%2Fv2%2Fcategories&post=49668"},{"taxonomy":"post_tag","embeddable":true,"href":"https:\/\/masquenoticiastucuman.com.ar\/index.php?rest_route=%2Fwp%2Fv2%2Ftags&post=49668"}],"curies":[{"name":"wp","href":"https:\/\/api.w.org\/{rel}","templated":true}]}}