{"id":49671,"date":"2025-11-14T08:17:43","date_gmt":"2025-11-14T11:17:43","guid":{"rendered":"http:\/\/masquenoticiastucuman.com.ar\/?p=49671"},"modified":"2025-11-14T08:17:43","modified_gmt":"2025-11-14T11:17:43","slug":"los-entretelones-del-acuerdo-comercial-entre-argentina-y-ee-uu-que-se-firmo-que-puede-pasar-con-la-carne-y-los-pasos-que-vienen","status":"publish","type":"post","link":"https:\/\/masquenoticiastucuman.com.ar\/?p=49671","title":{"rendered":"Los entretelones del acuerdo comercial entre Argentina y EE.UU.: Qu\u00e9 se firm\u00f3, qu\u00e9 puede pasar con la carne y los pasos que vienen"},"content":{"rendered":"<ul>\n<li>Los detalles del acuerdo se mantendr\u00e1n en reserva hasta que Donald Trump decida formalizarlos.<\/li>\n<li>El entendimiento abre la puerta a beneficios arancelarios para la Argentina, pero deja en suspenso definiciones sensibles.<\/li>\n<\/ul>\n<p>\u200bLos detalles del acuerdo se mantendr\u00e1n en reserva hasta que Donald Trump decida formalizarlos.El entendimiento abre la puerta a beneficios arancelarios para la Argentina, pero deja en suspenso definiciones sensibles.\u00a0<a href=\"https:\/\/www.clarin.com\/economia\/entretelones-acuerdo-comercial-argentina-eeuu-firmo-puede-pasar-carne-pasos-vienen_0_0rbNqOt1WS.html\" target=\"_blank\" class=\"feedzy-rss-link-icon\">Read More<\/a><\/p>","protected":false},"excerpt":{"rendered":"<p>Los detalles del acuerdo se mantendr\u00e1n en reserva hasta que Donald Trump decida formalizarlos. El&#8230;<\/p>\n","protected":false},"author":1,"featured_media":0,"comment_status":"open","ping_status":"open","sticky":false,"template":"","format":"standard","meta":{"footnotes":""},"categories":[3],"tags":[],"class_list":["post-49671","post","type-post","status-publish","format-standard","has-post-thumbnail","hentry","category-nacionales"],"_links":{"self":[{"href":"https:\/\/masquenoticiastucuman.com.ar\/index.php?rest_route=\/wp\/v2\/posts\/49671","targetHints":{"allow":["GET"]}}],"collection":[{"href":"https:\/\/masquenoticiastucuman.com.ar\/index.php?rest_route=\/wp\/v2\/posts"}],"about":[{"href":"https:\/\/masquenoticiastucuman.com.ar\/index.php?rest_route=\/wp\/v2\/types\/post"}],"author":[{"embeddable":true,"href":"https:\/\/masquenoticiastucuman.com.ar\/index.php?rest_route=\/wp\/v2\/users\/1"}],"replies":[{"embeddable":true,"href":"https:\/\/masquenoticiastucuman.com.ar\/index.php?rest_route=%2Fwp%2Fv2%2Fcomments&post=49671"}],"version-history":[{"count":0,"href":"https:\/\/masquenoticiastucuman.com.ar\/index.php?rest_route=\/wp\/v2\/posts\/49671\/revisions"}],"wp:attachment":[{"href":"https:\/\/masquenoticiastucuman.com.ar\/index.php?rest_route=%2Fwp%2Fv2%2Fmedia&parent=49671"}],"wp:term":[{"taxonomy":"category","embeddable":true,"href":"https:\/\/masquenoticiastucuman.com.ar\/index.php?rest_route=%2Fwp%2Fv2%2Fcategories&post=49671"},{"taxonomy":"post_tag","embeddable":true,"href":"https:\/\/masquenoticiastucuman.com.ar\/index.php?rest_route=%2Fwp%2Fv2%2Ftags&post=49671"}],"curies":[{"name":"wp","href":"https:\/\/api.w.org\/{rel}","templated":true}]}}