{"id":49672,"date":"2025-11-14T07:52:39","date_gmt":"2025-11-14T10:52:39","guid":{"rendered":"http:\/\/masquenoticiastucuman.com.ar\/?p=49672"},"modified":"2025-11-14T07:52:39","modified_gmt":"2025-11-14T10:52:39","slug":"el-dueno-de-los-restaurantes-la-panera-rosa-compro-la-cadena-de-pasteleria-pani-y-lanzara-cuatro-nuevos-formatos-de-locales","status":"publish","type":"post","link":"https:\/\/masquenoticiastucuman.com.ar\/?p=49672","title":{"rendered":"El due\u00f1o de los restaurantes La Panera Rosa compr\u00f3 la cadena de pasteler\u00eda Pani y lanzar\u00e1 cuatro nuevos formatos de locales"},"content":{"rendered":"<ul>\n<li>El plan es reformular la marca y lanzar cuatro nuevos formatos de sucursales bajo el formato de franquicias.<\/li>\n<li>C\u00f3mo surgi\u00f3 la oportunidad de compra y c\u00f3mo trabajar\u00e1n en conjunto en esta nueva etapa.<\/li>\n<\/ul>\n<p>\u200bEl plan es reformular la marca y lanzar cuatro nuevos formatos de sucursales bajo el formato de franquicias.C\u00f3mo surgi\u00f3 la oportunidad de compra y c\u00f3mo trabajar\u00e1n en conjunto en esta nueva etapa.\u00a0<a href=\"https:\/\/www.clarin.com\/economia\/dueno-restaurantes-panera-rosa-compro-cadena-pasteleria-pani-lanzara-nuevos-formatos-locales_0_sP248Daehe.html\" target=\"_blank\" class=\"feedzy-rss-link-icon\">Read More<\/a><\/p>","protected":false},"excerpt":{"rendered":"<p>El plan es reformular la marca y lanzar cuatro nuevos formatos de sucursales bajo el&#8230;<\/p>\n","protected":false},"author":1,"featured_media":0,"comment_status":"open","ping_status":"open","sticky":false,"template":"","format":"standard","meta":{"footnotes":""},"categories":[3],"tags":[],"class_list":["post-49672","post","type-post","status-publish","format-standard","has-post-thumbnail","hentry","category-nacionales"],"_links":{"self":[{"href":"https:\/\/masquenoticiastucuman.com.ar\/index.php?rest_route=\/wp\/v2\/posts\/49672","targetHints":{"allow":["GET"]}}],"collection":[{"href":"https:\/\/masquenoticiastucuman.com.ar\/index.php?rest_route=\/wp\/v2\/posts"}],"about":[{"href":"https:\/\/masquenoticiastucuman.com.ar\/index.php?rest_route=\/wp\/v2\/types\/post"}],"author":[{"embeddable":true,"href":"https:\/\/masquenoticiastucuman.com.ar\/index.php?rest_route=\/wp\/v2\/users\/1"}],"replies":[{"embeddable":true,"href":"https:\/\/masquenoticiastucuman.com.ar\/index.php?rest_route=%2Fwp%2Fv2%2Fcomments&post=49672"}],"version-history":[{"count":0,"href":"https:\/\/masquenoticiastucuman.com.ar\/index.php?rest_route=\/wp\/v2\/posts\/49672\/revisions"}],"wp:attachment":[{"href":"https:\/\/masquenoticiastucuman.com.ar\/index.php?rest_route=%2Fwp%2Fv2%2Fmedia&parent=49672"}],"wp:term":[{"taxonomy":"category","embeddable":true,"href":"https:\/\/masquenoticiastucuman.com.ar\/index.php?rest_route=%2Fwp%2Fv2%2Fcategories&post=49672"},{"taxonomy":"post_tag","embeddable":true,"href":"https:\/\/masquenoticiastucuman.com.ar\/index.php?rest_route=%2Fwp%2Fv2%2Ftags&post=49672"}],"curies":[{"name":"wp","href":"https:\/\/api.w.org\/{rel}","templated":true}]}}