{"id":49673,"date":"2025-11-14T09:03:44","date_gmt":"2025-11-14T12:03:44","guid":{"rendered":"http:\/\/masquenoticiastucuman.com.ar\/?p=49673"},"modified":"2025-11-14T09:03:44","modified_gmt":"2025-11-14T12:03:44","slug":"se-dice-que-el-memorandum-que-bendice-los-ataques-a-barcos-se-basa-en-las-afirmaciones-de-trump-sobre-los-carteles","status":"publish","type":"post","link":"https:\/\/masquenoticiastucuman.com.ar\/?p=49673","title":{"rendered":"Se dice que el memor\u00e1ndum que bendice los ataques a barcos se basa en las afirmaciones de Trump sobre los c\u00e1rteles"},"content":{"rendered":"<ul>\n<li>Los informes de un memor\u00e1ndum secreto del Departamento de Justicia ofrecen una visi\u00f3n de c\u00f3mo los abogados de la administraci\u00f3n aprobaron el curso de acci\u00f3n deseado por el presidente.<\/li>\n<\/ul>\n<p>\u200bLos informes de un memor\u00e1ndum secreto del Departamento de Justicia ofrecen una visi\u00f3n de c\u00f3mo los abogados de la administraci\u00f3n aprobaron el curso de acci\u00f3n deseado por el presidente.\u00a0<a href=\"https:\/\/www.clarin.com\/new-york-times-international-weekly\/dice-memorandum-bendice-ataques-barcos-basa-afirmaciones-trump-carteles_0_3EG88IB9o0.html\" target=\"_blank\" class=\"feedzy-rss-link-icon\">Read More<\/a><\/p>","protected":false},"excerpt":{"rendered":"<p>Los informes de un memor\u00e1ndum secreto del Departamento de Justicia ofrecen una visi\u00f3n de c\u00f3mo&#8230;<\/p>\n","protected":false},"author":1,"featured_media":49674,"comment_status":"open","ping_status":"open","sticky":false,"template":"","format":"standard","meta":{"footnotes":""},"categories":[4],"tags":[],"class_list":["post-49673","post","type-post","status-publish","format-standard","has-post-thumbnail","hentry","category-internacionales"],"_links":{"self":[{"href":"https:\/\/masquenoticiastucuman.com.ar\/index.php?rest_route=\/wp\/v2\/posts\/49673","targetHints":{"allow":["GET"]}}],"collection":[{"href":"https:\/\/masquenoticiastucuman.com.ar\/index.php?rest_route=\/wp\/v2\/posts"}],"about":[{"href":"https:\/\/masquenoticiastucuman.com.ar\/index.php?rest_route=\/wp\/v2\/types\/post"}],"author":[{"embeddable":true,"href":"https:\/\/masquenoticiastucuman.com.ar\/index.php?rest_route=\/wp\/v2\/users\/1"}],"replies":[{"embeddable":true,"href":"https:\/\/masquenoticiastucuman.com.ar\/index.php?rest_route=%2Fwp%2Fv2%2Fcomments&post=49673"}],"version-history":[{"count":0,"href":"https:\/\/masquenoticiastucuman.com.ar\/index.php?rest_route=\/wp\/v2\/posts\/49673\/revisions"}],"wp:featuredmedia":[{"embeddable":true,"href":"https:\/\/masquenoticiastucuman.com.ar\/index.php?rest_route=\/wp\/v2\/media\/49674"}],"wp:attachment":[{"href":"https:\/\/masquenoticiastucuman.com.ar\/index.php?rest_route=%2Fwp%2Fv2%2Fmedia&parent=49673"}],"wp:term":[{"taxonomy":"category","embeddable":true,"href":"https:\/\/masquenoticiastucuman.com.ar\/index.php?rest_route=%2Fwp%2Fv2%2Fcategories&post=49673"},{"taxonomy":"post_tag","embeddable":true,"href":"https:\/\/masquenoticiastucuman.com.ar\/index.php?rest_route=%2Fwp%2Fv2%2Ftags&post=49673"}],"curies":[{"name":"wp","href":"https:\/\/api.w.org\/{rel}","templated":true}]}}