{"id":49675,"date":"2025-11-14T08:56:49","date_gmt":"2025-11-14T11:56:49","guid":{"rendered":"http:\/\/masquenoticiastucuman.com.ar\/?p=49675"},"modified":"2025-11-14T08:56:49","modified_gmt":"2025-11-14T11:56:49","slug":"la-agenda-de-un-viernes-lleno-de-futbol-argentina-vs-mexico-sub-17-la-scaloneta-de-messi-en-angola-eliminatorias-en-europa-y-se-larga-la-ultima-del-clausura","status":"publish","type":"post","link":"https:\/\/masquenoticiastucuman.com.ar\/?p=49675","title":{"rendered":"La agenda de un viernes lleno de f\u00fatbol: Argentina vs M\u00e9xico Sub 17, la Scaloneta de Messi en Angola, Eliminatorias en Europa y se larga la \u00faltima del Clausura"},"content":{"rendered":"<ul>\n<li>El equipo de Diego Placente busca avanzar en el Mundial Qatar 2025.<\/li>\n<li>En mitad de ese encuentro jugar\u00e1n los de Scaloni ante los africanos.<\/li>\n<li>En el Viejo Continente pelean por boletos al Mundial 2026.<\/li>\n<\/ul>\n<p>\u200bEl equipo de Diego Placente busca avanzar en el Mundial Qatar 2025.En mitad de ese encuentro jugar\u00e1n los de Scaloni ante los africanos.En el Viejo Continente pelean por boletos al Mundial 2026.\u00a0<a href=\"https:\/\/www.clarin.com\/deportes\/agenda-viernes-lleno-futbol-argentina-vs-mexico-sub-17-scaloneta-messi-angola-eliminatorias-europa-larga-ultima-clausura_0_GbozQr8xi8.html\" target=\"_blank\" class=\"feedzy-rss-link-icon\">Read More<\/a><\/p>","protected":false},"excerpt":{"rendered":"<p>El equipo de Diego Placente busca avanzar en el Mundial Qatar 2025. En mitad de&#8230;<\/p>\n","protected":false},"author":1,"featured_media":0,"comment_status":"open","ping_status":"open","sticky":false,"template":"","format":"standard","meta":{"footnotes":""},"categories":[6],"tags":[],"class_list":["post-49675","post","type-post","status-publish","format-standard","has-post-thumbnail","hentry","category-deportes"],"_links":{"self":[{"href":"https:\/\/masquenoticiastucuman.com.ar\/index.php?rest_route=\/wp\/v2\/posts\/49675","targetHints":{"allow":["GET"]}}],"collection":[{"href":"https:\/\/masquenoticiastucuman.com.ar\/index.php?rest_route=\/wp\/v2\/posts"}],"about":[{"href":"https:\/\/masquenoticiastucuman.com.ar\/index.php?rest_route=\/wp\/v2\/types\/post"}],"author":[{"embeddable":true,"href":"https:\/\/masquenoticiastucuman.com.ar\/index.php?rest_route=\/wp\/v2\/users\/1"}],"replies":[{"embeddable":true,"href":"https:\/\/masquenoticiastucuman.com.ar\/index.php?rest_route=%2Fwp%2Fv2%2Fcomments&post=49675"}],"version-history":[{"count":0,"href":"https:\/\/masquenoticiastucuman.com.ar\/index.php?rest_route=\/wp\/v2\/posts\/49675\/revisions"}],"wp:attachment":[{"href":"https:\/\/masquenoticiastucuman.com.ar\/index.php?rest_route=%2Fwp%2Fv2%2Fmedia&parent=49675"}],"wp:term":[{"taxonomy":"category","embeddable":true,"href":"https:\/\/masquenoticiastucuman.com.ar\/index.php?rest_route=%2Fwp%2Fv2%2Fcategories&post=49675"},{"taxonomy":"post_tag","embeddable":true,"href":"https:\/\/masquenoticiastucuman.com.ar\/index.php?rest_route=%2Fwp%2Fv2%2Ftags&post=49675"}],"curies":[{"name":"wp","href":"https:\/\/api.w.org\/{rel}","templated":true}]}}