{"id":49678,"date":"2025-11-14T10:44:55","date_gmt":"2025-11-14T13:44:55","guid":{"rendered":"http:\/\/masquenoticiastucuman.com.ar\/?p=49678"},"modified":"2025-11-14T10:44:55","modified_gmt":"2025-11-14T13:44:55","slug":"advertencias-del-papa-en-un-nuevo-libro-sobre-injusticias-estructurales-y-los-riegos-de-la-inteligencia-artificial","status":"publish","type":"post","link":"https:\/\/masquenoticiastucuman.com.ar\/?p=49678","title":{"rendered":"Advertencias del Papa en un nuevo libro sobre &#8220;injusticias estructurales&#8221; y los riegos de la Inteligencia Artificial"},"content":{"rendered":"<ul>\n<li>&#8220;La fuerza del Evangelio: la fe cristiana en diez palabras&#8221;, ser\u00e1 publicado en los pr\u00f3ximos d\u00edas.<\/li>\n<li>&#8220;Ya no podemos tolerar las injusticias estructurales por las que quienes tienen m\u00e1s, tienen cada vez m\u00e1s, y viceversa&#8221;, escribe en el pr\u00f3logo.<\/li>\n<\/ul>\n<p>\u200b&#8221;La fuerza del Evangelio: la fe cristiana en diez palabras&#8221;, ser\u00e1 publicado en los pr\u00f3ximos d\u00edas.&#8221;Ya no podemos tolerar las injusticias estructurales por las que quienes tienen m\u00e1s, tienen cada vez m\u00e1s, y viceversa&#8221;, escribe en el pr\u00f3logo.\u00a0<a href=\"https:\/\/www.clarin.com\/mundo\/advertencias-papa-nuevo-libro-injusticias-estructurales-riegos-inteligencia-artificial_0_5UrETgVYYQ.html\" target=\"_blank\" class=\"feedzy-rss-link-icon\">Read More<\/a><\/p>","protected":false},"excerpt":{"rendered":"<p>&#8220;La fuerza del Evangelio: la fe cristiana en diez palabras&#8221;, ser\u00e1 publicado en los pr\u00f3ximos&#8230;<\/p>\n","protected":false},"author":1,"featured_media":49679,"comment_status":"open","ping_status":"open","sticky":false,"template":"","format":"standard","meta":{"footnotes":""},"categories":[4],"tags":[],"class_list":["post-49678","post","type-post","status-publish","format-standard","has-post-thumbnail","hentry","category-internacionales"],"_links":{"self":[{"href":"https:\/\/masquenoticiastucuman.com.ar\/index.php?rest_route=\/wp\/v2\/posts\/49678","targetHints":{"allow":["GET"]}}],"collection":[{"href":"https:\/\/masquenoticiastucuman.com.ar\/index.php?rest_route=\/wp\/v2\/posts"}],"about":[{"href":"https:\/\/masquenoticiastucuman.com.ar\/index.php?rest_route=\/wp\/v2\/types\/post"}],"author":[{"embeddable":true,"href":"https:\/\/masquenoticiastucuman.com.ar\/index.php?rest_route=\/wp\/v2\/users\/1"}],"replies":[{"embeddable":true,"href":"https:\/\/masquenoticiastucuman.com.ar\/index.php?rest_route=%2Fwp%2Fv2%2Fcomments&post=49678"}],"version-history":[{"count":0,"href":"https:\/\/masquenoticiastucuman.com.ar\/index.php?rest_route=\/wp\/v2\/posts\/49678\/revisions"}],"wp:featuredmedia":[{"embeddable":true,"href":"https:\/\/masquenoticiastucuman.com.ar\/index.php?rest_route=\/wp\/v2\/media\/49679"}],"wp:attachment":[{"href":"https:\/\/masquenoticiastucuman.com.ar\/index.php?rest_route=%2Fwp%2Fv2%2Fmedia&parent=49678"}],"wp:term":[{"taxonomy":"category","embeddable":true,"href":"https:\/\/masquenoticiastucuman.com.ar\/index.php?rest_route=%2Fwp%2Fv2%2Fcategories&post=49678"},{"taxonomy":"post_tag","embeddable":true,"href":"https:\/\/masquenoticiastucuman.com.ar\/index.php?rest_route=%2Fwp%2Fv2%2Ftags&post=49678"}],"curies":[{"name":"wp","href":"https:\/\/api.w.org\/{rel}","templated":true}]}}