{"id":49686,"date":"2025-11-14T11:22:24","date_gmt":"2025-11-14T14:22:24","guid":{"rendered":"http:\/\/masquenoticiastucuman.com.ar\/?p=49686"},"modified":"2025-11-14T11:22:24","modified_gmt":"2025-11-14T14:22:24","slug":"otro-tropezon-para-shein-en-francia-le-prohiben-abrir-mas-tiendas-fisicas-y-dicen-que-sus-precios-son-caros","status":"publish","type":"post","link":"https:\/\/masquenoticiastucuman.com.ar\/?p=49686","title":{"rendered":"Otro tropez\u00f3n para Shein en Francia: le proh\u00edben abrir m\u00e1s tiendas f\u00edsicas y dicen que sus precios son caros"},"content":{"rendered":"<ul>\n<li>El proyecto del gigante chino era abrir sucursales en Dijon, Reims, Grenoble, Angers y Limoges, despu\u00e9s de inaugurar su tienda en Par\u00eds.<\/li>\n<li>Las aperturas quedaron suspendidas sin fecha a la vista.<\/li>\n<\/ul>\n<p>\u200bEl proyecto del gigante chino era abrir sucursales en Dijon, Reims, Grenoble, Angers y Limoges, despu\u00e9s de inaugurar su tienda en Par\u00eds.Las aperturas quedaron suspendidas sin fecha a la vista.\u00a0<a href=\"https:\/\/www.clarin.com\/mundo\/tropezon-shein-francia-prohiben-abrir-tiendas-fisicas-dicen-precios-caros_0_GM0w6KUqno.html\" target=\"_blank\" class=\"feedzy-rss-link-icon\">Read More<\/a><\/p>","protected":false},"excerpt":{"rendered":"<p>El proyecto del gigante chino era abrir sucursales en Dijon, Reims, Grenoble, Angers y Limoges,&#8230;<\/p>\n","protected":false},"author":1,"featured_media":49687,"comment_status":"open","ping_status":"open","sticky":false,"template":"","format":"standard","meta":{"footnotes":""},"categories":[4],"tags":[],"class_list":["post-49686","post","type-post","status-publish","format-standard","has-post-thumbnail","hentry","category-internacionales"],"_links":{"self":[{"href":"https:\/\/masquenoticiastucuman.com.ar\/index.php?rest_route=\/wp\/v2\/posts\/49686","targetHints":{"allow":["GET"]}}],"collection":[{"href":"https:\/\/masquenoticiastucuman.com.ar\/index.php?rest_route=\/wp\/v2\/posts"}],"about":[{"href":"https:\/\/masquenoticiastucuman.com.ar\/index.php?rest_route=\/wp\/v2\/types\/post"}],"author":[{"embeddable":true,"href":"https:\/\/masquenoticiastucuman.com.ar\/index.php?rest_route=\/wp\/v2\/users\/1"}],"replies":[{"embeddable":true,"href":"https:\/\/masquenoticiastucuman.com.ar\/index.php?rest_route=%2Fwp%2Fv2%2Fcomments&post=49686"}],"version-history":[{"count":0,"href":"https:\/\/masquenoticiastucuman.com.ar\/index.php?rest_route=\/wp\/v2\/posts\/49686\/revisions"}],"wp:featuredmedia":[{"embeddable":true,"href":"https:\/\/masquenoticiastucuman.com.ar\/index.php?rest_route=\/wp\/v2\/media\/49687"}],"wp:attachment":[{"href":"https:\/\/masquenoticiastucuman.com.ar\/index.php?rest_route=%2Fwp%2Fv2%2Fmedia&parent=49686"}],"wp:term":[{"taxonomy":"category","embeddable":true,"href":"https:\/\/masquenoticiastucuman.com.ar\/index.php?rest_route=%2Fwp%2Fv2%2Fcategories&post=49686"},{"taxonomy":"post_tag","embeddable":true,"href":"https:\/\/masquenoticiastucuman.com.ar\/index.php?rest_route=%2Fwp%2Fv2%2Ftags&post=49686"}],"curies":[{"name":"wp","href":"https:\/\/api.w.org\/{rel}","templated":true}]}}