{"id":49688,"date":"2025-11-14T11:17:12","date_gmt":"2025-11-14T14:17:12","guid":{"rendered":"http:\/\/masquenoticiastucuman.com.ar\/?p=49688"},"modified":"2025-11-14T11:17:12","modified_gmt":"2025-11-14T14:17:12","slug":"murio-xavier-el-vasco-azkagorta-el-dt-espanol-que-se-gano-el-respeto-de-sudamerica-al-llevar-a-bolivia-a-su-primer-mundial-en-1994","status":"publish","type":"post","link":"https:\/\/masquenoticiastucuman.com.ar\/?p=49688","title":{"rendered":"Muri\u00f3 Xavier el Vasco Azkagorta, el DT espa\u00f1ol que se gan\u00f3 el respeto de Sudam\u00e9rica al llevar a Bolivia a su primer Mundial en 1994"},"content":{"rendered":"<ul>\n<li>El Bigot\u00f3n sorprendi\u00f3 al mundo al clasificar a los del Altiplano a su primera Copa del Mundo.<\/li>\n<li>Falleci\u00f3 en la ma\u00f1ana del viernes, en un hospital de Santa Cruz de la Sierra.<\/li>\n<li>Ten\u00eda 72 a\u00f1os de edad y adem\u00e1s de entrenador fue un reconocido futbolista en su pa\u00eds.<\/li>\n<\/ul>\n<p>\u200bEl Bigot\u00f3n sorprendi\u00f3 al mundo al clasificar a los del Altiplano a su primera Copa del Mundo.Falleci\u00f3 en la ma\u00f1ana del viernes, en un hospital de Santa Cruz de la Sierra.Ten\u00eda 72 a\u00f1os de edad y adem\u00e1s de entrenador fue un reconocido futbolista en su pa\u00eds.\u00a0<a href=\"https:\/\/www.clarin.com\/deportes\/murio-xavier-vasco-azkagorta-dt-espanol-gano-respeto-sudamerica-llevar-bolivia-primer-mundial-1994_0_Mev8PdLlN3.html\" target=\"_blank\" class=\"feedzy-rss-link-icon\">Read More<\/a><\/p>","protected":false},"excerpt":{"rendered":"<p>El Bigot\u00f3n sorprendi\u00f3 al mundo al clasificar a los del Altiplano a su primera Copa&#8230;<\/p>\n","protected":false},"author":1,"featured_media":0,"comment_status":"open","ping_status":"open","sticky":false,"template":"","format":"standard","meta":{"footnotes":""},"categories":[6],"tags":[],"class_list":["post-49688","post","type-post","status-publish","format-standard","has-post-thumbnail","hentry","category-deportes"],"_links":{"self":[{"href":"https:\/\/masquenoticiastucuman.com.ar\/index.php?rest_route=\/wp\/v2\/posts\/49688","targetHints":{"allow":["GET"]}}],"collection":[{"href":"https:\/\/masquenoticiastucuman.com.ar\/index.php?rest_route=\/wp\/v2\/posts"}],"about":[{"href":"https:\/\/masquenoticiastucuman.com.ar\/index.php?rest_route=\/wp\/v2\/types\/post"}],"author":[{"embeddable":true,"href":"https:\/\/masquenoticiastucuman.com.ar\/index.php?rest_route=\/wp\/v2\/users\/1"}],"replies":[{"embeddable":true,"href":"https:\/\/masquenoticiastucuman.com.ar\/index.php?rest_route=%2Fwp%2Fv2%2Fcomments&post=49688"}],"version-history":[{"count":0,"href":"https:\/\/masquenoticiastucuman.com.ar\/index.php?rest_route=\/wp\/v2\/posts\/49688\/revisions"}],"wp:attachment":[{"href":"https:\/\/masquenoticiastucuman.com.ar\/index.php?rest_route=%2Fwp%2Fv2%2Fmedia&parent=49688"}],"wp:term":[{"taxonomy":"category","embeddable":true,"href":"https:\/\/masquenoticiastucuman.com.ar\/index.php?rest_route=%2Fwp%2Fv2%2Fcategories&post=49688"},{"taxonomy":"post_tag","embeddable":true,"href":"https:\/\/masquenoticiastucuman.com.ar\/index.php?rest_route=%2Fwp%2Fv2%2Ftags&post=49688"}],"curies":[{"name":"wp","href":"https:\/\/api.w.org\/{rel}","templated":true}]}}