{"id":49689,"date":"2025-11-14T11:24:04","date_gmt":"2025-11-14T14:24:04","guid":{"rendered":"http:\/\/masquenoticiastucuman.com.ar\/?p=49689"},"modified":"2025-11-14T11:24:04","modified_gmt":"2025-11-14T14:24:04","slug":"sabrina-carpenter-vuelve-a-la-actuacion-para-alicia-en-el-pais-de-las-maravillas-pero-antes-cantara-en-lollapalooza-argentina-2026","status":"publish","type":"post","link":"https:\/\/masquenoticiastucuman.com.ar\/?p=49689","title":{"rendered":"Sabrina Carpenter vuelve a la actuaci\u00f3n para Alicia en el pa\u00eds de las maravillas, pero antes cantar\u00e1 en Lollapalooza Argentina 2026"},"content":{"rendered":"<ul>\n<li>Desde que celebr\u00f3 sus 16 con una fiesta inspirada en el personaje, so\u00f1\u00f3 con llevar esa historia a la pantalla.<\/li>\n<li>A\u00f1os despu\u00e9s, lo logr\u00f3: protagonizar\u00e1 y producir\u00e1 una nueva versi\u00f3n musical del cl\u00e1sico de Lewis Carroll.<\/li>\n<li>Pero antes, la tendremos en la Argentina.<\/li>\n<\/ul>\n<p>\u200bDesde que celebr\u00f3 sus 16 con una fiesta inspirada en el personaje, so\u00f1\u00f3 con llevar esa historia a la pantalla.A\u00f1os despu\u00e9s, lo logr\u00f3: protagonizar\u00e1 y producir\u00e1 una nueva versi\u00f3n musical del cl\u00e1sico de Lewis Carroll.Pero antes, la tendremos en la Argentina.\u00a0<a href=\"https:\/\/www.clarin.com\/espectaculos\/sabrina-carpenter-vuelve-actuacion-alicia-pais-maravillas-cantara-lollapalooza-argentina-2026_0_jeGy7D5Loc.html\" target=\"_blank\" class=\"feedzy-rss-link-icon\">Read More<\/a><\/p>","protected":false},"excerpt":{"rendered":"<p>Desde que celebr\u00f3 sus 16 con una fiesta inspirada en el personaje, so\u00f1\u00f3 con llevar&#8230;<\/p>\n","protected":false},"author":1,"featured_media":49690,"comment_status":"open","ping_status":"open","sticky":false,"template":"","format":"standard","meta":{"footnotes":""},"categories":[5],"tags":[],"class_list":["post-49689","post","type-post","status-publish","format-standard","has-post-thumbnail","hentry","category-espectaculo"],"_links":{"self":[{"href":"https:\/\/masquenoticiastucuman.com.ar\/index.php?rest_route=\/wp\/v2\/posts\/49689","targetHints":{"allow":["GET"]}}],"collection":[{"href":"https:\/\/masquenoticiastucuman.com.ar\/index.php?rest_route=\/wp\/v2\/posts"}],"about":[{"href":"https:\/\/masquenoticiastucuman.com.ar\/index.php?rest_route=\/wp\/v2\/types\/post"}],"author":[{"embeddable":true,"href":"https:\/\/masquenoticiastucuman.com.ar\/index.php?rest_route=\/wp\/v2\/users\/1"}],"replies":[{"embeddable":true,"href":"https:\/\/masquenoticiastucuman.com.ar\/index.php?rest_route=%2Fwp%2Fv2%2Fcomments&post=49689"}],"version-history":[{"count":0,"href":"https:\/\/masquenoticiastucuman.com.ar\/index.php?rest_route=\/wp\/v2\/posts\/49689\/revisions"}],"wp:featuredmedia":[{"embeddable":true,"href":"https:\/\/masquenoticiastucuman.com.ar\/index.php?rest_route=\/wp\/v2\/media\/49690"}],"wp:attachment":[{"href":"https:\/\/masquenoticiastucuman.com.ar\/index.php?rest_route=%2Fwp%2Fv2%2Fmedia&parent=49689"}],"wp:term":[{"taxonomy":"category","embeddable":true,"href":"https:\/\/masquenoticiastucuman.com.ar\/index.php?rest_route=%2Fwp%2Fv2%2Fcategories&post=49689"},{"taxonomy":"post_tag","embeddable":true,"href":"https:\/\/masquenoticiastucuman.com.ar\/index.php?rest_route=%2Fwp%2Fv2%2Ftags&post=49689"}],"curies":[{"name":"wp","href":"https:\/\/api.w.org\/{rel}","templated":true}]}}