{"id":49692,"date":"2025-11-14T12:22:19","date_gmt":"2025-11-14T15:22:19","guid":{"rendered":"http:\/\/masquenoticiastucuman.com.ar\/?p=49692"},"modified":"2025-11-14T12:22:19","modified_gmt":"2025-11-14T15:22:19","slug":"la-sub-17-de-argentina-hizo-una-de-la-scaloneta-en-el-mundial-el-golazo-de-ramiro-tulian-igualito-al-de-enzo-fernandez-tambien-contra-mexico-y-en-qatar","status":"publish","type":"post","link":"https:\/\/masquenoticiastucuman.com.ar\/?p=49692","title":{"rendered":"La Sub 17 de Argentina hizo una de la Scaloneta en el Mundial: el golazo de Ramiro Tuli\u00e1n, igualito al de Enzo Fern\u00e1ndez tambi\u00e9n contra M\u00e9xico y en Qatar"},"content":{"rendered":"<ul>\n<li>El chico de Belgrano abri\u00f3 el marcador con una jugada id\u00e9ntica a la del volante del Chelsea.<\/li>\n<li>Recibi\u00f3 un pase del tiro de esquina y la clav\u00f3 en el \u00e1ngulo m\u00e1s lejano con un derechazo genial.<\/li>\n<\/ul>\n<p>\u200bEl chico de Belgrano abri\u00f3 el marcador con una jugada id\u00e9ntica a la del volante del Chelsea.Recibi\u00f3 un pase del tiro de esquina y la clav\u00f3 en el \u00e1ngulo m\u00e1s lejano con un derechazo genial.\u00a0<a href=\"https:\/\/www.clarin.com\/deportes\/sub-17-argentina-hizo-scaloneta-golazo-ramiro-tulian-igualito-enzo-fernandez-mexico-qatar-mundial_0_K2xGgHpFB2.html\" target=\"_blank\" class=\"feedzy-rss-link-icon\">Read More<\/a><\/p>","protected":false},"excerpt":{"rendered":"<p>El chico de Belgrano abri\u00f3 el marcador con una jugada id\u00e9ntica a la del volante&#8230;<\/p>\n","protected":false},"author":1,"featured_media":0,"comment_status":"open","ping_status":"open","sticky":false,"template":"","format":"standard","meta":{"footnotes":""},"categories":[6],"tags":[],"class_list":["post-49692","post","type-post","status-publish","format-standard","has-post-thumbnail","hentry","category-deportes"],"_links":{"self":[{"href":"https:\/\/masquenoticiastucuman.com.ar\/index.php?rest_route=\/wp\/v2\/posts\/49692","targetHints":{"allow":["GET"]}}],"collection":[{"href":"https:\/\/masquenoticiastucuman.com.ar\/index.php?rest_route=\/wp\/v2\/posts"}],"about":[{"href":"https:\/\/masquenoticiastucuman.com.ar\/index.php?rest_route=\/wp\/v2\/types\/post"}],"author":[{"embeddable":true,"href":"https:\/\/masquenoticiastucuman.com.ar\/index.php?rest_route=\/wp\/v2\/users\/1"}],"replies":[{"embeddable":true,"href":"https:\/\/masquenoticiastucuman.com.ar\/index.php?rest_route=%2Fwp%2Fv2%2Fcomments&post=49692"}],"version-history":[{"count":0,"href":"https:\/\/masquenoticiastucuman.com.ar\/index.php?rest_route=\/wp\/v2\/posts\/49692\/revisions"}],"wp:attachment":[{"href":"https:\/\/masquenoticiastucuman.com.ar\/index.php?rest_route=%2Fwp%2Fv2%2Fmedia&parent=49692"}],"wp:term":[{"taxonomy":"category","embeddable":true,"href":"https:\/\/masquenoticiastucuman.com.ar\/index.php?rest_route=%2Fwp%2Fv2%2Fcategories&post=49692"},{"taxonomy":"post_tag","embeddable":true,"href":"https:\/\/masquenoticiastucuman.com.ar\/index.php?rest_route=%2Fwp%2Fv2%2Ftags&post=49692"}],"curies":[{"name":"wp","href":"https:\/\/api.w.org\/{rel}","templated":true}]}}