{"id":49693,"date":"2025-11-14T11:50:40","date_gmt":"2025-11-14T14:50:40","guid":{"rendered":"http:\/\/masquenoticiastucuman.com.ar\/?p=49693"},"modified":"2025-11-14T11:50:40","modified_gmt":"2025-11-14T14:50:40","slug":"cristiano-ronaldo-codazo-burlas-y-primera-expulsion-con-portugal-el-ataque-de-furia-que-le-puede-costar-el-debut-en-el-mundial-2026","status":"publish","type":"post","link":"https:\/\/masquenoticiastucuman.com.ar\/?p=49693","title":{"rendered":"Cristiano Ronaldo, codazo, burlas y primera expulsi\u00f3n con Portugal: el ataque de furia que le puede costar el debut en el Mundial 2026"},"content":{"rendered":"<ul>\n<li>La selecci\u00f3n lusa necesitaba un empate ante Irlanda para meterse clasificar a la Copa del Mundo.<\/li>\n<li>Cay\u00f3 2-0 pero este domingo tiene una chance m\u00e1s recibiendo a Armenia, el peor del grupo.<\/li>\n<li>Sin embargo, todos hablan de la tarjeta roja y la sanci\u00f3n que puede recibir su m\u00e1xima estrella.<\/li>\n<\/ul>\n<p>\u200bLa selecci\u00f3n lusa necesitaba un empate ante Irlanda para meterse clasificar a la Copa del Mundo.Cay\u00f3 2-0 pero este domingo tiene una chance m\u00e1s recibiendo a Armenia, el peor del grupo.Sin embargo, todos hablan de la tarjeta roja y la sanci\u00f3n que puede recibir su m\u00e1xima estrella.\u00a0<a href=\"https:\/\/www.clarin.com\/deportes\/cristiano-ronaldo-codazo-burlas-primera-expulsion-portugal-ataque-furia-puede-costar-debut-mundial-2026_0_k5MSqXCMb4.html\" target=\"_blank\" class=\"feedzy-rss-link-icon\">Read More<\/a><\/p>","protected":false},"excerpt":{"rendered":"<p>La selecci\u00f3n lusa necesitaba un empate ante Irlanda para meterse clasificar a la Copa del&#8230;<\/p>\n","protected":false},"author":1,"featured_media":0,"comment_status":"open","ping_status":"open","sticky":false,"template":"","format":"standard","meta":{"footnotes":""},"categories":[6],"tags":[],"class_list":["post-49693","post","type-post","status-publish","format-standard","has-post-thumbnail","hentry","category-deportes"],"_links":{"self":[{"href":"https:\/\/masquenoticiastucuman.com.ar\/index.php?rest_route=\/wp\/v2\/posts\/49693","targetHints":{"allow":["GET"]}}],"collection":[{"href":"https:\/\/masquenoticiastucuman.com.ar\/index.php?rest_route=\/wp\/v2\/posts"}],"about":[{"href":"https:\/\/masquenoticiastucuman.com.ar\/index.php?rest_route=\/wp\/v2\/types\/post"}],"author":[{"embeddable":true,"href":"https:\/\/masquenoticiastucuman.com.ar\/index.php?rest_route=\/wp\/v2\/users\/1"}],"replies":[{"embeddable":true,"href":"https:\/\/masquenoticiastucuman.com.ar\/index.php?rest_route=%2Fwp%2Fv2%2Fcomments&post=49693"}],"version-history":[{"count":0,"href":"https:\/\/masquenoticiastucuman.com.ar\/index.php?rest_route=\/wp\/v2\/posts\/49693\/revisions"}],"wp:attachment":[{"href":"https:\/\/masquenoticiastucuman.com.ar\/index.php?rest_route=%2Fwp%2Fv2%2Fmedia&parent=49693"}],"wp:term":[{"taxonomy":"category","embeddable":true,"href":"https:\/\/masquenoticiastucuman.com.ar\/index.php?rest_route=%2Fwp%2Fv2%2Fcategories&post=49693"},{"taxonomy":"post_tag","embeddable":true,"href":"https:\/\/masquenoticiastucuman.com.ar\/index.php?rest_route=%2Fwp%2Fv2%2Ftags&post=49693"}],"curies":[{"name":"wp","href":"https:\/\/api.w.org\/{rel}","templated":true}]}}