{"id":49695,"date":"2025-11-14T13:34:43","date_gmt":"2025-11-14T16:34:43","guid":{"rendered":"http:\/\/masquenoticiastucuman.com.ar\/?p=49695"},"modified":"2025-11-14T13:34:43","modified_gmt":"2025-11-14T16:34:43","slug":"trump-ordena-investigar-a-bill-clinton-y-a-reconocidos-empresarios-que-tuvieron-relacion-con-jeffrey-epstein","status":"publish","type":"post","link":"https:\/\/masquenoticiastucuman.com.ar\/?p=49695","title":{"rendered":"Trump ordena investigar a Bill Clinton y a reconocidos empresarios que tuvieron relaci\u00f3n con Jeffrey Epstein"},"content":{"rendered":"<ul>\n<li>\u201cLos registros muestran que estos hombres y muchos otros pasaron gran parte de su vida con Epstein en su isla\u201d, denunci\u00f3 el presidente<\/li>\n<li>Orden\u00f3 a la fiscal general que los investigue, luego de que los dem\u00f3cratas revelaran correos de Epstein sobre Trump.<\/li>\n<\/ul>\n<p>\u200b\u201cLos registros muestran que estos hombres y muchos otros pasaron gran parte de su vida con Epstein en su isla\u201d, denunci\u00f3 el presidenteOrden\u00f3 a la fiscal general que los investigue, luego de que los dem\u00f3cratas revelaran correos de Epstein sobre Trump.\u00a0<a href=\"https:\/\/www.clarin.com\/mundo\/trump-ordena-investigar-bill-clinton-reconocidos-empresarios-relacion-jeffrey-epstein_0_zQxvlN7Og1.html\" target=\"_blank\" class=\"feedzy-rss-link-icon\">Read More<\/a><\/p>","protected":false},"excerpt":{"rendered":"<p>\u201cLos registros muestran que estos hombres y muchos otros pasaron gran parte de su vida&#8230;<\/p>\n","protected":false},"author":1,"featured_media":49696,"comment_status":"open","ping_status":"open","sticky":false,"template":"","format":"standard","meta":{"footnotes":""},"categories":[4],"tags":[],"class_list":["post-49695","post","type-post","status-publish","format-standard","has-post-thumbnail","hentry","category-internacionales"],"_links":{"self":[{"href":"https:\/\/masquenoticiastucuman.com.ar\/index.php?rest_route=\/wp\/v2\/posts\/49695","targetHints":{"allow":["GET"]}}],"collection":[{"href":"https:\/\/masquenoticiastucuman.com.ar\/index.php?rest_route=\/wp\/v2\/posts"}],"about":[{"href":"https:\/\/masquenoticiastucuman.com.ar\/index.php?rest_route=\/wp\/v2\/types\/post"}],"author":[{"embeddable":true,"href":"https:\/\/masquenoticiastucuman.com.ar\/index.php?rest_route=\/wp\/v2\/users\/1"}],"replies":[{"embeddable":true,"href":"https:\/\/masquenoticiastucuman.com.ar\/index.php?rest_route=%2Fwp%2Fv2%2Fcomments&post=49695"}],"version-history":[{"count":0,"href":"https:\/\/masquenoticiastucuman.com.ar\/index.php?rest_route=\/wp\/v2\/posts\/49695\/revisions"}],"wp:featuredmedia":[{"embeddable":true,"href":"https:\/\/masquenoticiastucuman.com.ar\/index.php?rest_route=\/wp\/v2\/media\/49696"}],"wp:attachment":[{"href":"https:\/\/masquenoticiastucuman.com.ar\/index.php?rest_route=%2Fwp%2Fv2%2Fmedia&parent=49695"}],"wp:term":[{"taxonomy":"category","embeddable":true,"href":"https:\/\/masquenoticiastucuman.com.ar\/index.php?rest_route=%2Fwp%2Fv2%2Fcategories&post=49695"},{"taxonomy":"post_tag","embeddable":true,"href":"https:\/\/masquenoticiastucuman.com.ar\/index.php?rest_route=%2Fwp%2Fv2%2Ftags&post=49695"}],"curies":[{"name":"wp","href":"https:\/\/api.w.org\/{rel}","templated":true}]}}