{"id":49697,"date":"2025-11-14T12:59:47","date_gmt":"2025-11-14T15:59:47","guid":{"rendered":"http:\/\/masquenoticiastucuman.com.ar\/?p=49697"},"modified":"2025-11-14T12:59:47","modified_gmt":"2025-11-14T15:59:47","slug":"estocolomo-varias-personas-muertas-y-heridas-tras-ser-atropelladas-por-un-autobus","status":"publish","type":"post","link":"https:\/\/masquenoticiastucuman.com.ar\/?p=49697","title":{"rendered":"Estocolomo: varias personas &#8220;muertas y heridas&#8221; tras ser atropelladas por un autob\u00fas"},"content":{"rendered":"<ul>\n<li>El bus de dos pisos choc\u00f3 contra una parada en el centro de la capital sueca, aunque a\u00fan se desconocen las causas exactas del accidente.<\/li>\n<li>La polic\u00eda no confirm\u00f3 cu\u00e1ntas personas habr\u00edan muerto. Se habla de cinco v\u00edctimas.<\/li>\n<\/ul>\n<p>\u200bEl bus de dos pisos choc\u00f3 contra una parada en el centro de la capital sueca, aunque a\u00fan se desconocen las causas exactas del accidente.La polic\u00eda no confirm\u00f3 cu\u00e1ntas personas habr\u00edan muerto. Se habla de cinco v\u00edctimas.\u00a0<a href=\"https:\/\/www.clarin.com\/mundo\/estocolomo-varias-personas-muertas-heridas-atropelladas-autobus_0_hqxBWB0AKW.html\" target=\"_blank\" class=\"feedzy-rss-link-icon\">Read More<\/a><\/p>","protected":false},"excerpt":{"rendered":"<p>El bus de dos pisos choc\u00f3 contra una parada en el centro de la capital&#8230;<\/p>\n","protected":false},"author":1,"featured_media":49698,"comment_status":"open","ping_status":"open","sticky":false,"template":"","format":"standard","meta":{"footnotes":""},"categories":[4],"tags":[],"class_list":["post-49697","post","type-post","status-publish","format-standard","has-post-thumbnail","hentry","category-internacionales"],"_links":{"self":[{"href":"https:\/\/masquenoticiastucuman.com.ar\/index.php?rest_route=\/wp\/v2\/posts\/49697","targetHints":{"allow":["GET"]}}],"collection":[{"href":"https:\/\/masquenoticiastucuman.com.ar\/index.php?rest_route=\/wp\/v2\/posts"}],"about":[{"href":"https:\/\/masquenoticiastucuman.com.ar\/index.php?rest_route=\/wp\/v2\/types\/post"}],"author":[{"embeddable":true,"href":"https:\/\/masquenoticiastucuman.com.ar\/index.php?rest_route=\/wp\/v2\/users\/1"}],"replies":[{"embeddable":true,"href":"https:\/\/masquenoticiastucuman.com.ar\/index.php?rest_route=%2Fwp%2Fv2%2Fcomments&post=49697"}],"version-history":[{"count":0,"href":"https:\/\/masquenoticiastucuman.com.ar\/index.php?rest_route=\/wp\/v2\/posts\/49697\/revisions"}],"wp:featuredmedia":[{"embeddable":true,"href":"https:\/\/masquenoticiastucuman.com.ar\/index.php?rest_route=\/wp\/v2\/media\/49698"}],"wp:attachment":[{"href":"https:\/\/masquenoticiastucuman.com.ar\/index.php?rest_route=%2Fwp%2Fv2%2Fmedia&parent=49697"}],"wp:term":[{"taxonomy":"category","embeddable":true,"href":"https:\/\/masquenoticiastucuman.com.ar\/index.php?rest_route=%2Fwp%2Fv2%2Fcategories&post=49697"},{"taxonomy":"post_tag","embeddable":true,"href":"https:\/\/masquenoticiastucuman.com.ar\/index.php?rest_route=%2Fwp%2Fv2%2Ftags&post=49697"}],"curies":[{"name":"wp","href":"https:\/\/api.w.org\/{rel}","templated":true}]}}