{"id":49699,"date":"2025-11-14T13:09:22","date_gmt":"2025-11-14T16:09:22","guid":{"rendered":"http:\/\/masquenoticiastucuman.com.ar\/?p=49699"},"modified":"2025-11-14T13:09:22","modified_gmt":"2025-11-14T16:09:22","slug":"polemica-con-walter-otta-dt-de-moron-rival-de-deportivo-madryn-en-la-primera-nacional-la-afa-lo-suspendio-30-dias-por-una-presunta-fake-news","status":"publish","type":"post","link":"https:\/\/masquenoticiastucuman.com.ar\/?p=49699","title":{"rendered":"Pol\u00e9mica con Walter Otta, DT de Mor\u00f3n, rival de Deportivo Madryn en la Primera Nacional: la AFA lo suspendi\u00f3 30 d\u00edas por una presunta fake news"},"content":{"rendered":"<ul>\n<li>El Tribunal de \u00c9tica sancion\u00f3 al entrenador por unas declaraciones que el DT calific\u00f3 como &#8220;falsas&#8221;.<\/li>\n<li>Seg\u00fan el fallo, &#8220;podr\u00edan afectar la reputaci\u00f3n institucional de la AFA y la imagen de sus autoridades&#8221;.<\/li>\n<li>El Gallo busca la final del Reducido contra el equipo chubutense, se\u00f1alado como favorecido.<\/li>\n<\/ul>\n<p>\u200bEl Tribunal de \u00c9tica sancion\u00f3 al entrenador por unas declaraciones que el DT calific\u00f3 como &#8220;falsas&#8221;.Seg\u00fan el fallo, &#8220;podr\u00edan afectar la reputaci\u00f3n institucional de la AFA y la imagen de sus autoridades&#8221;.El Gallo busca la final del Reducido contra el equipo chubutense, se\u00f1alado como favorecido.\u00a0<a href=\"https:\/\/www.clarin.com\/deportes\/polemica-walter-otta-dt-moron-rival-deportivo-madryn-primera-nacional-afa-suspendio-30-dias-presunta-fake-news_0_q180YnWs04.html\" target=\"_blank\" class=\"feedzy-rss-link-icon\">Read More<\/a><\/p>","protected":false},"excerpt":{"rendered":"<p>El Tribunal de \u00c9tica sancion\u00f3 al entrenador por unas declaraciones que el DT calific\u00f3 como&#8230;<\/p>\n","protected":false},"author":1,"featured_media":0,"comment_status":"open","ping_status":"open","sticky":false,"template":"","format":"standard","meta":{"footnotes":""},"categories":[6],"tags":[],"class_list":["post-49699","post","type-post","status-publish","format-standard","has-post-thumbnail","hentry","category-deportes"],"_links":{"self":[{"href":"https:\/\/masquenoticiastucuman.com.ar\/index.php?rest_route=\/wp\/v2\/posts\/49699","targetHints":{"allow":["GET"]}}],"collection":[{"href":"https:\/\/masquenoticiastucuman.com.ar\/index.php?rest_route=\/wp\/v2\/posts"}],"about":[{"href":"https:\/\/masquenoticiastucuman.com.ar\/index.php?rest_route=\/wp\/v2\/types\/post"}],"author":[{"embeddable":true,"href":"https:\/\/masquenoticiastucuman.com.ar\/index.php?rest_route=\/wp\/v2\/users\/1"}],"replies":[{"embeddable":true,"href":"https:\/\/masquenoticiastucuman.com.ar\/index.php?rest_route=%2Fwp%2Fv2%2Fcomments&post=49699"}],"version-history":[{"count":0,"href":"https:\/\/masquenoticiastucuman.com.ar\/index.php?rest_route=\/wp\/v2\/posts\/49699\/revisions"}],"wp:attachment":[{"href":"https:\/\/masquenoticiastucuman.com.ar\/index.php?rest_route=%2Fwp%2Fv2%2Fmedia&parent=49699"}],"wp:term":[{"taxonomy":"category","embeddable":true,"href":"https:\/\/masquenoticiastucuman.com.ar\/index.php?rest_route=%2Fwp%2Fv2%2Fcategories&post=49699"},{"taxonomy":"post_tag","embeddable":true,"href":"https:\/\/masquenoticiastucuman.com.ar\/index.php?rest_route=%2Fwp%2Fv2%2Ftags&post=49699"}],"curies":[{"name":"wp","href":"https:\/\/api.w.org\/{rel}","templated":true}]}}