{"id":49702,"date":"2025-11-14T14:39:38","date_gmt":"2025-11-14T17:39:38","guid":{"rendered":"http:\/\/masquenoticiastucuman.com.ar\/?p=49702"},"modified":"2025-11-14T14:39:38","modified_gmt":"2025-11-14T17:39:38","slug":"carlos-melconian-veo-al-dolar-afuera-de-la-banda-y-se-la-banca-hasta-2-000-sin-tragedia","status":"publish","type":"post","link":"https:\/\/masquenoticiastucuman.com.ar\/?p=49702","title":{"rendered":"Carlos Melconian: &#8220;Veo al d\u00f3lar afuera de la banda y se la banca hasta $2.000, sin tragedia&#8221;"},"content":{"rendered":"<ul>\n<li>El economista dijo que la salida del cepo para personas fue &#8220;mala praxis&#8221; y que la demanda de ahorristas tiene que caer.<\/li>\n<li>Cree que las reformas ser\u00e1n &#8220;tenues&#8221; y que la principal que debe encarar el Gobierno es &#8220;tener programa econ\u00f3mico&#8221;.<\/li>\n<li>&#8220;Bessent nos salv\u00f3 del infarto cambiario&#8221;, afirm\u00f3.<\/li>\n<\/ul>\n<p>\u200bEl economista dijo que la salida del cepo para personas fue &#8220;mala praxis&#8221; y que la demanda de ahorristas tiene que caer.Cree que las reformas ser\u00e1n &#8220;tenues&#8221; y que la principal que debe encarar el Gobierno es &#8220;tener programa econ\u00f3mico&#8221;.&#8221;Bessent nos salv\u00f3 del infarto cambiario&#8221;, afirm\u00f3.\u00a0<a href=\"https:\/\/www.clarin.com\/economia\/carlos-melconian-veo-dolar-afuera-banda-banca-2000-tragedia_0_50EZUkroPn.html\" target=\"_blank\" class=\"feedzy-rss-link-icon\">Read More<\/a><\/p>","protected":false},"excerpt":{"rendered":"<p>El economista dijo que la salida del cepo para personas fue &#8220;mala praxis&#8221; y que&#8230;<\/p>\n","protected":false},"author":1,"featured_media":0,"comment_status":"open","ping_status":"open","sticky":false,"template":"","format":"standard","meta":{"footnotes":""},"categories":[3],"tags":[],"class_list":["post-49702","post","type-post","status-publish","format-standard","has-post-thumbnail","hentry","category-nacionales"],"_links":{"self":[{"href":"https:\/\/masquenoticiastucuman.com.ar\/index.php?rest_route=\/wp\/v2\/posts\/49702","targetHints":{"allow":["GET"]}}],"collection":[{"href":"https:\/\/masquenoticiastucuman.com.ar\/index.php?rest_route=\/wp\/v2\/posts"}],"about":[{"href":"https:\/\/masquenoticiastucuman.com.ar\/index.php?rest_route=\/wp\/v2\/types\/post"}],"author":[{"embeddable":true,"href":"https:\/\/masquenoticiastucuman.com.ar\/index.php?rest_route=\/wp\/v2\/users\/1"}],"replies":[{"embeddable":true,"href":"https:\/\/masquenoticiastucuman.com.ar\/index.php?rest_route=%2Fwp%2Fv2%2Fcomments&post=49702"}],"version-history":[{"count":0,"href":"https:\/\/masquenoticiastucuman.com.ar\/index.php?rest_route=\/wp\/v2\/posts\/49702\/revisions"}],"wp:attachment":[{"href":"https:\/\/masquenoticiastucuman.com.ar\/index.php?rest_route=%2Fwp%2Fv2%2Fmedia&parent=49702"}],"wp:term":[{"taxonomy":"category","embeddable":true,"href":"https:\/\/masquenoticiastucuman.com.ar\/index.php?rest_route=%2Fwp%2Fv2%2Fcategories&post=49702"},{"taxonomy":"post_tag","embeddable":true,"href":"https:\/\/masquenoticiastucuman.com.ar\/index.php?rest_route=%2Fwp%2Fv2%2Ftags&post=49702"}],"curies":[{"name":"wp","href":"https:\/\/api.w.org\/{rel}","templated":true}]}}