{"id":49703,"date":"2025-11-14T14:08:29","date_gmt":"2025-11-14T17:08:29","guid":{"rendered":"http:\/\/masquenoticiastucuman.com.ar\/?p=49703"},"modified":"2025-11-14T14:08:29","modified_gmt":"2025-11-14T17:08:29","slug":"segun-la-letra-del-acuerdo-comercial-milei-acepto-12-compromisos-con-trump-y-estados-unidos-1-con-argentina","status":"publish","type":"post","link":"https:\/\/masquenoticiastucuman.com.ar\/?p=49703","title":{"rendered":"Seg\u00fan la letra del acuerdo comercial, Milei acept\u00f3 12 compromisos con Trump y Estados Unidos 1 con Argentina"},"content":{"rendered":"<ul>\n<li>Falta saber si algunos de los temas planteados deber\u00e1 pasar por el Congreso de EE.UU.<\/li>\n<li>La firma del acuerdo ser\u00e1 entre los presidentes las pr\u00f3ximas semanas.<\/li>\n<\/ul>\n<p>\u200bFalta saber si algunos de los temas planteados deber\u00e1 pasar por el Congreso de EE.UU.La firma del acuerdo ser\u00e1 entre los presidentes las pr\u00f3ximas semanas.\u00a0<a href=\"https:\/\/www.clarin.com\/politica\/letra-acuerdo-comercial-milei-acepto-12-compromisos-trump-estados-unidos-1-argentina_0_KM0eVJQPVg.html\" target=\"_blank\" class=\"feedzy-rss-link-icon\">Read More<\/a><\/p>","protected":false},"excerpt":{"rendered":"<p>Falta saber si algunos de los temas planteados deber\u00e1 pasar por el Congreso de EE.UU&#8230;.<\/p>\n","protected":false},"author":1,"featured_media":0,"comment_status":"open","ping_status":"open","sticky":false,"template":"","format":"standard","meta":{"footnotes":""},"categories":[3],"tags":[],"class_list":["post-49703","post","type-post","status-publish","format-standard","has-post-thumbnail","hentry","category-nacionales"],"_links":{"self":[{"href":"https:\/\/masquenoticiastucuman.com.ar\/index.php?rest_route=\/wp\/v2\/posts\/49703","targetHints":{"allow":["GET"]}}],"collection":[{"href":"https:\/\/masquenoticiastucuman.com.ar\/index.php?rest_route=\/wp\/v2\/posts"}],"about":[{"href":"https:\/\/masquenoticiastucuman.com.ar\/index.php?rest_route=\/wp\/v2\/types\/post"}],"author":[{"embeddable":true,"href":"https:\/\/masquenoticiastucuman.com.ar\/index.php?rest_route=\/wp\/v2\/users\/1"}],"replies":[{"embeddable":true,"href":"https:\/\/masquenoticiastucuman.com.ar\/index.php?rest_route=%2Fwp%2Fv2%2Fcomments&post=49703"}],"version-history":[{"count":0,"href":"https:\/\/masquenoticiastucuman.com.ar\/index.php?rest_route=\/wp\/v2\/posts\/49703\/revisions"}],"wp:attachment":[{"href":"https:\/\/masquenoticiastucuman.com.ar\/index.php?rest_route=%2Fwp%2Fv2%2Fmedia&parent=49703"}],"wp:term":[{"taxonomy":"category","embeddable":true,"href":"https:\/\/masquenoticiastucuman.com.ar\/index.php?rest_route=%2Fwp%2Fv2%2Fcategories&post=49703"},{"taxonomy":"post_tag","embeddable":true,"href":"https:\/\/masquenoticiastucuman.com.ar\/index.php?rest_route=%2Fwp%2Fv2%2Ftags&post=49703"}],"curies":[{"name":"wp","href":"https:\/\/api.w.org\/{rel}","templated":true}]}}