{"id":49704,"date":"2025-11-14T14:20:40","date_gmt":"2025-11-14T17:20:40","guid":{"rendered":"http:\/\/masquenoticiastucuman.com.ar\/?p=49704"},"modified":"2025-11-14T14:20:40","modified_gmt":"2025-11-14T17:20:40","slug":"argentina-el-pais-mas-solidario-del-mundo-celebra-el-dia-de-los-ponchos-azules","status":"publish","type":"post","link":"https:\/\/masquenoticiastucuman.com.ar\/?p=49704","title":{"rendered":"Argentina: el &#8220;pa\u00eds m\u00e1s solidario del mundo&#8221; celebra el d\u00eda de los &#8220;Ponchos Azules&#8221;"},"content":{"rendered":"<ul>\n<li>Este movimiento, impulsado por Fundaci\u00f3n ACNUR Argentina, supera el mill\u00f3n de personas.<\/li>\n<li>Este s\u00e1bado se celebrar\u00e1 por primera vez el D\u00eda de los Ponchos Azules, una fecha que conmemora la adhesi\u00f3n de Argentina en 1961 a la Convenci\u00f3n de Ginebra de 1951.<\/li>\n<\/ul>\n<p>\u200bEste movimiento, impulsado por Fundaci\u00f3n ACNUR Argentina, supera el mill\u00f3n de personas.Este s\u00e1bado se celebrar\u00e1 por primera vez el D\u00eda de los Ponchos Azules, una fecha que conmemora la adhesi\u00f3n de Argentina en 1961 a la Convenci\u00f3n de Ginebra de 1951.\u00a0<a href=\"https:\/\/www.clarin.com\/mundo\/argentina-pais-solidario-mundo-celebra-dia-ponchos-azules_0_SlmAJn33UY.html\" target=\"_blank\" class=\"feedzy-rss-link-icon\">Read More<\/a><\/p>","protected":false},"excerpt":{"rendered":"<p>Este movimiento, impulsado por Fundaci\u00f3n ACNUR Argentina, supera el mill\u00f3n de personas. Este s\u00e1bado se&#8230;<\/p>\n","protected":false},"author":1,"featured_media":49705,"comment_status":"open","ping_status":"open","sticky":false,"template":"","format":"standard","meta":{"footnotes":""},"categories":[4],"tags":[],"class_list":["post-49704","post","type-post","status-publish","format-standard","has-post-thumbnail","hentry","category-internacionales"],"_links":{"self":[{"href":"https:\/\/masquenoticiastucuman.com.ar\/index.php?rest_route=\/wp\/v2\/posts\/49704","targetHints":{"allow":["GET"]}}],"collection":[{"href":"https:\/\/masquenoticiastucuman.com.ar\/index.php?rest_route=\/wp\/v2\/posts"}],"about":[{"href":"https:\/\/masquenoticiastucuman.com.ar\/index.php?rest_route=\/wp\/v2\/types\/post"}],"author":[{"embeddable":true,"href":"https:\/\/masquenoticiastucuman.com.ar\/index.php?rest_route=\/wp\/v2\/users\/1"}],"replies":[{"embeddable":true,"href":"https:\/\/masquenoticiastucuman.com.ar\/index.php?rest_route=%2Fwp%2Fv2%2Fcomments&post=49704"}],"version-history":[{"count":0,"href":"https:\/\/masquenoticiastucuman.com.ar\/index.php?rest_route=\/wp\/v2\/posts\/49704\/revisions"}],"wp:featuredmedia":[{"embeddable":true,"href":"https:\/\/masquenoticiastucuman.com.ar\/index.php?rest_route=\/wp\/v2\/media\/49705"}],"wp:attachment":[{"href":"https:\/\/masquenoticiastucuman.com.ar\/index.php?rest_route=%2Fwp%2Fv2%2Fmedia&parent=49704"}],"wp:term":[{"taxonomy":"category","embeddable":true,"href":"https:\/\/masquenoticiastucuman.com.ar\/index.php?rest_route=%2Fwp%2Fv2%2Fcategories&post=49704"},{"taxonomy":"post_tag","embeddable":true,"href":"https:\/\/masquenoticiastucuman.com.ar\/index.php?rest_route=%2Fwp%2Fv2%2Ftags&post=49704"}],"curies":[{"name":"wp","href":"https:\/\/api.w.org\/{rel}","templated":true}]}}