{"id":49706,"date":"2025-11-14T14:01:17","date_gmt":"2025-11-14T17:01:17","guid":{"rendered":"http:\/\/masquenoticiastucuman.com.ar\/?p=49706"},"modified":"2025-11-14T14:01:17","modified_gmt":"2025-11-14T17:01:17","slug":"marine-le-pen-da-luz-verde-a-su-delfin-para-que-sea-candidato-a-presidente-quien-es-jordan-bardella-el-politico-mas-popular-de-francia","status":"publish","type":"post","link":"https:\/\/masquenoticiastucuman.com.ar\/?p=49706","title":{"rendered":"Marine Le Pen da luz verde a su &#8220;delf\u00edn&#8221; para que sea candidato a presidente: \u00bfQui\u00e9n es Jordan Bardella el pol\u00edtico m\u00e1s popular de Francia?"},"content":{"rendered":"<ul>\n<li>Por primera vez la l\u00edder de la extrema derecha francesa da un paso al costado en favor de su lugarteniente de 30 a\u00f1os.<\/li>\n<li>Lo har\u00e1 si fracasa su apelaci\u00f3n judicial por corrupci\u00f3n en el Parlamento Europeo, que la dej\u00f3 inhabilitada por cinco a\u00f1os.<\/li>\n<\/ul>\n<p>\u200bPor primera vez la l\u00edder de la extrema derecha francesa da un paso al costado en favor de su lugarteniente de 30 a\u00f1os.Lo har\u00e1 si fracasa su apelaci\u00f3n judicial por corrupci\u00f3n en el Parlamento Europeo, que la dej\u00f3 inhabilitada por cinco a\u00f1os.\u00a0<a href=\"https:\/\/www.clarin.com\/mundo\/marine-pen-da-luz-verde-delfin-candidato-presidente-jordan-bardella-politico-popular-francia_0_Qb599lxuRc.html\" target=\"_blank\" class=\"feedzy-rss-link-icon\">Read More<\/a><\/p>","protected":false},"excerpt":{"rendered":"<p>Por primera vez la l\u00edder de la extrema derecha francesa da un paso al costado&#8230;<\/p>\n","protected":false},"author":1,"featured_media":49707,"comment_status":"open","ping_status":"open","sticky":false,"template":"","format":"standard","meta":{"footnotes":""},"categories":[4],"tags":[],"class_list":["post-49706","post","type-post","status-publish","format-standard","has-post-thumbnail","hentry","category-internacionales"],"_links":{"self":[{"href":"https:\/\/masquenoticiastucuman.com.ar\/index.php?rest_route=\/wp\/v2\/posts\/49706","targetHints":{"allow":["GET"]}}],"collection":[{"href":"https:\/\/masquenoticiastucuman.com.ar\/index.php?rest_route=\/wp\/v2\/posts"}],"about":[{"href":"https:\/\/masquenoticiastucuman.com.ar\/index.php?rest_route=\/wp\/v2\/types\/post"}],"author":[{"embeddable":true,"href":"https:\/\/masquenoticiastucuman.com.ar\/index.php?rest_route=\/wp\/v2\/users\/1"}],"replies":[{"embeddable":true,"href":"https:\/\/masquenoticiastucuman.com.ar\/index.php?rest_route=%2Fwp%2Fv2%2Fcomments&post=49706"}],"version-history":[{"count":0,"href":"https:\/\/masquenoticiastucuman.com.ar\/index.php?rest_route=\/wp\/v2\/posts\/49706\/revisions"}],"wp:featuredmedia":[{"embeddable":true,"href":"https:\/\/masquenoticiastucuman.com.ar\/index.php?rest_route=\/wp\/v2\/media\/49707"}],"wp:attachment":[{"href":"https:\/\/masquenoticiastucuman.com.ar\/index.php?rest_route=%2Fwp%2Fv2%2Fmedia&parent=49706"}],"wp:term":[{"taxonomy":"category","embeddable":true,"href":"https:\/\/masquenoticiastucuman.com.ar\/index.php?rest_route=%2Fwp%2Fv2%2Fcategories&post=49706"},{"taxonomy":"post_tag","embeddable":true,"href":"https:\/\/masquenoticiastucuman.com.ar\/index.php?rest_route=%2Fwp%2Fv2%2Ftags&post=49706"}],"curies":[{"name":"wp","href":"https:\/\/api.w.org\/{rel}","templated":true}]}}