{"id":49708,"date":"2025-11-14T14:52:36","date_gmt":"2025-11-14T17:52:36","guid":{"rendered":"http:\/\/masquenoticiastucuman.com.ar\/?p=49708"},"modified":"2025-11-14T14:52:36","modified_gmt":"2025-11-14T17:52:36","slug":"la-seleccion-argentina-sub-17-no-pudo-con-mexico-en-los-penales-y-se-despidio-en-forma-anticipada-del-mundial-de-qatar-2025","status":"publish","type":"post","link":"https:\/\/masquenoticiastucuman.com.ar\/?p=49708","title":{"rendered":"La Selecci\u00f3n Argentina Sub 17 no pudo con M\u00e9xico en los penales y se despidi\u00f3 en forma anticipada del Mundial de Qatar 2025"},"content":{"rendered":"<ul>\n<li>El Tri hab\u00eda logrado dar vuelta el marcador, pero cerca del final Argentina consigui\u00f3 la igualdad.<\/li>\n<li>Desde los doce pasos, la selecci\u00f3n azteca fue infalible y jugar\u00e1 en octavos con Portugal.<\/li>\n<\/ul>\n<p>\u200bEl Tri hab\u00eda logrado dar vuelta el marcador, pero cerca del final Argentina consigui\u00f3 la igualdad.Desde los doce pasos, la selecci\u00f3n azteca fue infalible y jugar\u00e1 en octavos con Portugal.\u00a0<a href=\"https:\/\/www.clarin.com\/deportes\/seleccion-argentina-sub-17-pudo-mexico-penales-despidio-forma-anticipada-mundial-qatar-2025_0_Q1pOpzLpmQ.html\" target=\"_blank\" class=\"feedzy-rss-link-icon\">Read More<\/a><\/p>","protected":false},"excerpt":{"rendered":"<p>El Tri hab\u00eda logrado dar vuelta el marcador, pero cerca del final Argentina consigui\u00f3 la&#8230;<\/p>\n","protected":false},"author":1,"featured_media":0,"comment_status":"open","ping_status":"open","sticky":false,"template":"","format":"standard","meta":{"footnotes":""},"categories":[6],"tags":[],"class_list":["post-49708","post","type-post","status-publish","format-standard","has-post-thumbnail","hentry","category-deportes"],"_links":{"self":[{"href":"https:\/\/masquenoticiastucuman.com.ar\/index.php?rest_route=\/wp\/v2\/posts\/49708","targetHints":{"allow":["GET"]}}],"collection":[{"href":"https:\/\/masquenoticiastucuman.com.ar\/index.php?rest_route=\/wp\/v2\/posts"}],"about":[{"href":"https:\/\/masquenoticiastucuman.com.ar\/index.php?rest_route=\/wp\/v2\/types\/post"}],"author":[{"embeddable":true,"href":"https:\/\/masquenoticiastucuman.com.ar\/index.php?rest_route=\/wp\/v2\/users\/1"}],"replies":[{"embeddable":true,"href":"https:\/\/masquenoticiastucuman.com.ar\/index.php?rest_route=%2Fwp%2Fv2%2Fcomments&post=49708"}],"version-history":[{"count":0,"href":"https:\/\/masquenoticiastucuman.com.ar\/index.php?rest_route=\/wp\/v2\/posts\/49708\/revisions"}],"wp:attachment":[{"href":"https:\/\/masquenoticiastucuman.com.ar\/index.php?rest_route=%2Fwp%2Fv2%2Fmedia&parent=49708"}],"wp:term":[{"taxonomy":"category","embeddable":true,"href":"https:\/\/masquenoticiastucuman.com.ar\/index.php?rest_route=%2Fwp%2Fv2%2Fcategories&post=49708"},{"taxonomy":"post_tag","embeddable":true,"href":"https:\/\/masquenoticiastucuman.com.ar\/index.php?rest_route=%2Fwp%2Fv2%2Ftags&post=49708"}],"curies":[{"name":"wp","href":"https:\/\/api.w.org\/{rel}","templated":true}]}}