{"id":49709,"date":"2025-11-14T14:24:41","date_gmt":"2025-11-14T17:24:41","guid":{"rendered":"http:\/\/masquenoticiastucuman.com.ar\/?p=49709"},"modified":"2025-11-14T14:24:41","modified_gmt":"2025-11-14T17:24:41","slug":"felipe-contepomi-confirmo-el-xv-de-los-pumas-para-enfrentar-a-escocia-en-edimburgo-hara-cinco-cambios-entre-ellos-la-salida-de-marcos-kremer","status":"publish","type":"post","link":"https:\/\/masquenoticiastucuman.com.ar\/?p=49709","title":{"rendered":"Felipe Contepomi confirm\u00f3 el XV de Los Pumas para enfrentar a Escocia en Edimburgo: har\u00e1 cinco cambios, entre ellos la salida de Marcos Kremer"},"content":{"rendered":"<ul>\n<li>&#8220;Lo hablamos con \u00e9l y lo entiende&#8221;, dijo el entrenador al explicar la salida del entrerriano, que sufri\u00f3 un golpe.<\/li>\n<li>La selecci\u00f3n argentina viene de ganarle a Gales en Cardiff y cerrar\u00e1 su gira contra Inglaterra en Londres.<\/li>\n<\/ul>\n<p>\u200b&#8221;Lo hablamos con \u00e9l y lo entiende&#8221;, dijo el entrenador al explicar la salida del entrerriano, que sufri\u00f3 un golpe.La selecci\u00f3n argentina viene de ganarle a Gales en Cardiff y cerrar\u00e1 su gira contra Inglaterra en Londres.\u00a0<a href=\"https:\/\/www.clarin.com\/deportes\/felipe-contepomi-confirmo-xv-pumas-enfrentar-escocia-edimburgo-hara-cambios-salida-marcos-kremer_0_Wxd6bsg3PI.html\" target=\"_blank\" class=\"feedzy-rss-link-icon\">Read More<\/a><\/p>","protected":false},"excerpt":{"rendered":"<p>&#8220;Lo hablamos con \u00e9l y lo entiende&#8221;, dijo el entrenador al explicar la salida del&#8230;<\/p>\n","protected":false},"author":1,"featured_media":0,"comment_status":"open","ping_status":"open","sticky":false,"template":"","format":"standard","meta":{"footnotes":""},"categories":[6],"tags":[],"class_list":["post-49709","post","type-post","status-publish","format-standard","has-post-thumbnail","hentry","category-deportes"],"_links":{"self":[{"href":"https:\/\/masquenoticiastucuman.com.ar\/index.php?rest_route=\/wp\/v2\/posts\/49709","targetHints":{"allow":["GET"]}}],"collection":[{"href":"https:\/\/masquenoticiastucuman.com.ar\/index.php?rest_route=\/wp\/v2\/posts"}],"about":[{"href":"https:\/\/masquenoticiastucuman.com.ar\/index.php?rest_route=\/wp\/v2\/types\/post"}],"author":[{"embeddable":true,"href":"https:\/\/masquenoticiastucuman.com.ar\/index.php?rest_route=\/wp\/v2\/users\/1"}],"replies":[{"embeddable":true,"href":"https:\/\/masquenoticiastucuman.com.ar\/index.php?rest_route=%2Fwp%2Fv2%2Fcomments&post=49709"}],"version-history":[{"count":0,"href":"https:\/\/masquenoticiastucuman.com.ar\/index.php?rest_route=\/wp\/v2\/posts\/49709\/revisions"}],"wp:attachment":[{"href":"https:\/\/masquenoticiastucuman.com.ar\/index.php?rest_route=%2Fwp%2Fv2%2Fmedia&parent=49709"}],"wp:term":[{"taxonomy":"category","embeddable":true,"href":"https:\/\/masquenoticiastucuman.com.ar\/index.php?rest_route=%2Fwp%2Fv2%2Fcategories&post=49709"},{"taxonomy":"post_tag","embeddable":true,"href":"https:\/\/masquenoticiastucuman.com.ar\/index.php?rest_route=%2Fwp%2Fv2%2Ftags&post=49709"}],"curies":[{"name":"wp","href":"https:\/\/api.w.org\/{rel}","templated":true}]}}